{"id":6359,"date":"2026-02-20T17:16:54","date_gmt":"2026-02-20T19:16:54","guid":{"rendered":"https:\/\/www.k9proseries.com.br\/?p=6359"},"modified":"2026-03-13T15:11:48","modified_gmt":"2026-03-13T18:11:48","slug":"5-sinais-de-que-seu-cao-precisa-de-adestramento-urgente-2","status":"publish","type":"post","link":"https:\/\/www.k9proseries.com.br\/index.php\/2026\/02\/20\/5-sinais-de-que-seu-cao-precisa-de-adestramento-urgente-2\/","title":{"rendered":"5 Sinais de que Seu C\u00e3o Precisa de Adestramento Urgente"},"content":{"rendered":"\n<p>Seu cachorro est\u00e1 te deixando no limite? Corre atr\u00e1s de tudo, late sem parar, pula nas visitas ou at\u00e9 avan\u00e7a nos passeios? Fique atenta: esses comportamentos podem ser mais do que simples \u201cfase\u201d. Na verdade, s\u00e3o <strong>sinais claros de que ele precisa de adestramento urgente<\/strong>.<\/p>\n\n\n\n<p>Neste post, vou te mostrar <strong>5 sinais de alerta<\/strong> e como o <strong>Treinamento Intensivo da K9 Pro Series<\/strong> pode transformar a rela\u00e7\u00e3o entre voc\u00ea e seu c\u00e3o \u2014 com resultados r\u00e1pidos e duradouros.&nbsp;<\/p>\n\n\n\n<h3 class=\"wp-block-heading\"><strong>1. Ele puxa demais na coleira<\/strong><\/h3>\n\n\n\n<p>Se cada passeio vira um cabo de guerra, esse \u00e9 um dos principais ind\u00edcios de falta de lideran\u00e7a e descontrole. Um c\u00e3o educado precisa aprender a andar ao lado, em sintonia com o tutor.<\/p>\n\n\n\n<p><strong>Alerta:<\/strong> puxar a guia com for\u00e7a constante pode gerar problemas ortop\u00e9dicos e at\u00e9 aumentar a agressividade nos passeios.<\/p>\n\n\n\n<p>\u00a0<strong>Como corrigir:<\/strong> no nosso Treinamento Intensivo, esse comportamento \u00e9 corrigido nos primeiros dias com t\u00e9cnicas de obedi\u00eancia ativa.<\/p>\n\n\n\n<div class=\"wp-block-cover\" style=\"min-height:409px;aspect-ratio:unset;\"><span aria-hidden=\"true\" class=\"wp-block-cover__background has-cyan-bluish-gray-background-color has-background-dim-0 has-background-dim\"><\/span><img loading=\"lazy\" decoding=\"async\" width=\"341\" height=\"512\" class=\"wp-block-cover__image-background wp-image-6394\" alt=\"Puma (Pastor Belga malinois)\nC\u00e3o treinada para companhia e prote\u00e7\u00e3o pela k9 Pro Series.\" src=\"https:\/\/www.k9proseries.com.br\/wp-content\/uploads\/2026\/02\/PumaPastor-Belga-malinois-Cao-treinada-para-companhia-e-protecao-pela-k9-Pro-Series.jpg\" style=\"object-position:43% 27%\" data-object-fit=\"cover\" data-object-position=\"43% 27%\" srcset=\"https:\/\/www.k9proseries.com.br\/wp-content\/uploads\/2026\/02\/PumaPastor-Belga-malinois-Cao-treinada-para-companhia-e-protecao-pela-k9-Pro-Series.jpg 341w, https:\/\/www.k9proseries.com.br\/wp-content\/uploads\/2026\/02\/PumaPastor-Belga-malinois-Cao-treinada-para-companhia-e-protecao-pela-k9-Pro-Series-200x300.jpg 200w\" sizes=\"(max-width: 341px) 100vw, 341px\" \/><div class=\"wp-block-cover__inner-container is-layout-flow wp-block-cover-is-layout-flow\">\n<p class=\"has-text-align-center has-large-font-size\"><\/p>\n<\/div><\/div>\n\n\n\n<h3 class=\"wp-block-heading\"><strong>2. Ele n\u00e3o obedece nem os comandos b\u00e1sicos \u2014 e isso tem explica\u00e7\u00e3o!<\/strong><\/h3>\n\n\n\n<p>Muita gente acredita que o problema do c\u00e3o \u00e9 \u201cfalta de adestramento\u201d, mas a verdade \u00e9 que <strong>antes de adestrar, \u00e9 preciso EDUCAR<\/strong>.<br>Educar \u00e9 ensinar limites, regras de conviv\u00eancia, respeito dentro de casa. J\u00e1 <strong>adestrar \u00e9 refor\u00e7ar comandos t\u00e9cnicos<\/strong> como senta, fica, junto, deita\u2026<br>E sem a base da educa\u00e7\u00e3o, <strong>nenhum adestramento funciona de verdade<\/strong>.<\/p>\n\n\n\n<p>&nbsp;Se o seu c\u00e3o faz o que quer, ignora seu chamado, ou s\u00f3 te obedece quando quer, isso \u00e9 falta de estrutura, n\u00e3o s\u00f3 de comando.<\/p>\n\n\n\n<p>&nbsp;<strong>Exemplo real:<\/strong> muitos tutores tentam ensinar comandos, mas o c\u00e3o n\u00e3o respeita porque <strong>n\u00e3o v\u00ea o tutor como refer\u00eancia<\/strong>. A\u00ed vira uma disputa di\u00e1ria, que desgasta a rela\u00e7\u00e3o.<\/p>\n\n\n\n<p>&nbsp;<strong>Como corrigir:<\/strong> No nosso <strong>Treinamento Intensivo<\/strong>, primeiro educamos: o c\u00e3o aprende a viver em equil\u00edbrio, com rotina, limites e conviv\u00eancia harmoniosa.<br>S\u00f3 depois disso iniciamos o adestramento que a\u00ed, sim, <strong>funciona de verdade<\/strong> e com resultados vis\u00edveis.<\/p>\n\n\n\n<h3 class=\"wp-block-heading\"><strong>3. Agressividade ou reatividade sem motivo aparente<\/strong><\/h3>\n\n\n\n<p>Rosna, avan\u00e7a ou fica nervoso com outros c\u00e3es, pessoas, crian\u00e7as ou at\u00e9 dentro de casa? Isso pode ter fundo emocional, trauma ou falta de sociabilidade.<\/p>\n\n\n\n<p><strong>&nbsp;Alerta:<\/strong> c\u00e3es reativos precisam de aten\u00e7\u00e3o profissional, e esperar \u201cmelhorar sozinho\u201d pode piorar a situa\u00e7\u00e3o.<\/p>\n\n\n\n<p>\ud83d\udc49<strong>Como corrigir:<\/strong> em nosso centro K9 Pro Series, o c\u00e3o passa por uma rotina com socializa\u00e7\u00e3o controlada e est\u00edmulos progressivos para ressignificar comportamentos negativos.<\/p>\n\n\n\n<figure class=\"wp-block-image size-full\"><img loading=\"lazy\" decoding=\"async\" width=\"512\" height=\"512\" src=\"https:\/\/www.k9proseries.com.br\/wp-content\/uploads\/2026\/02\/pastor-belga-malinois.png\" alt=\"Puma (Pastor Belga malinois)\nC\u00e3o treinada para companhia e prote\u00e7\u00e3o pela k9 Pro Series.\" class=\"wp-image-6395\" srcset=\"https:\/\/www.k9proseries.com.br\/wp-content\/uploads\/2026\/02\/pastor-belga-malinois.png 512w, https:\/\/www.k9proseries.com.br\/wp-content\/uploads\/2026\/02\/pastor-belga-malinois-300x300.png 300w, https:\/\/www.k9proseries.com.br\/wp-content\/uploads\/2026\/02\/pastor-belga-malinois-150x150.png 150w, https:\/\/www.k9proseries.com.br\/wp-content\/uploads\/2026\/02\/pastor-belga-malinois-230x230.png 230w, https:\/\/www.k9proseries.com.br\/wp-content\/uploads\/2026\/02\/pastor-belga-malinois-400x400.png 400w\" sizes=\"(max-width: 512px) 100vw, 512px\" \/><\/figure>\n\n\n\n<h3 class=\"wp-block-heading\"><strong>4. Latidos excessivos ou ansiedade de separa\u00e7\u00e3o<\/strong><\/h3>\n\n\n\n<p>Se ele late quando voc\u00ea sai, destr\u00f3i objetos ou n\u00e3o consegue ficar sozinho por 5 minutos, temos um problema comportamental.<\/p>\n\n\n\n<p>&nbsp;O latido \u00e9 a <strong>voz do desespero<\/strong> em c\u00e3es que n\u00e3o aprenderam a lidar com frustra\u00e7\u00f5es ou separa\u00e7\u00f5es.<\/p>\n\n\n\n<p>&nbsp;<strong>Como corrigir:<\/strong> o Treinamento Intensivo oferece rotina, estrutura emocional e aprendizado de limites de forma saud\u00e1vel.<\/p>\n\n\n\n<h3 class=\"wp-block-heading\"><strong>5. Ele domina a casa \u2014 e n\u00e3o voc\u00ea<\/strong><\/h3>\n\n\n\n<p>Sobe no sof\u00e1 sem permiss\u00e3o, rouba comida, n\u00e3o deixa ser escovado, late exigindo aten\u00e7\u00e3o\u2026<br>Esses comportamentos indicam <strong>falta de hierarquia clara na casa<\/strong>.<\/p>\n\n\n\n<p>&nbsp;Um c\u00e3o equilibrado sabe seu lugar na matilha. E adestramento \u00e9 o que estabelece isso de forma saud\u00e1vel, sem puni\u00e7\u00e3o.<\/p>\n\n\n\n<figure class=\"wp-block-image size-full\"><img loading=\"lazy\" decoding=\"async\" width=\"512\" height=\"341\" src=\"https:\/\/www.k9proseries.com.br\/wp-content\/uploads\/2026\/02\/Cao-treinada-para-companhia-e-protecao-deitada-no-sofa-de-casa.png\" alt=\"Puma (Pastor Belga malinois)\nC\u00e3o treinada para companhia e prote\u00e7\u00e3o  deitada no sof\u00e1 de casa.\" class=\"wp-image-6396\" srcset=\"https:\/\/www.k9proseries.com.br\/wp-content\/uploads\/2026\/02\/Cao-treinada-para-companhia-e-protecao-deitada-no-sofa-de-casa.png 512w, https:\/\/www.k9proseries.com.br\/wp-content\/uploads\/2026\/02\/Cao-treinada-para-companhia-e-protecao-deitada-no-sofa-de-casa-300x200.png 300w\" sizes=\"(max-width: 512px) 100vw, 512px\" \/><\/figure>\n\n\n\n<p>Por que o <strong>Treinamento Intensivo K9 Pro Series<\/strong> \u00e9 o caminho ideal?<\/p>\n\n\n\n<p>Nosso centro \u00e9 especializado em <strong>transforma\u00e7\u00f5es reais no comportamento canino<\/strong>. Em poucas semanas, seu c\u00e3o volta para casa obediente, calmo, feliz e pronto para viver bem com a fam\u00edlia.<\/p>\n\n\n\n<p>\u2714\ufe0f Treinamento personalizado<br>\u2714\ufe0f Rotina com estrutura e est\u00edmulos<br>\u2714\ufe0f Acompanhamento veterin\u00e1rio incluso<br>\u2714\ufe0f Resultados comprovados em poucos dias<\/p>\n\n\n\n<p><a href=\"https:\/\/api.whatsapp.com\/send\/?phone=5511964149627&amp;text=Ol\u00e1%2C+gostaria+de+mais+informa\u00e7\u00f5es.&amp;type=phone_number&amp;app_absent=0\" data-type=\"link\" data-id=\"https:\/\/api.whatsapp.com\/send\/?phone=5511964149627&amp;text=Ol\u00e1%2C+gostaria+de+mais+informa\u00e7\u00f5es.&amp;type=phone_number&amp;app_absent=0\">\ud83d\udc49 <strong>Clique aqui e agende uma avalia\u00e7\u00e3o gratuita!<\/strong><\/a><\/p>\n","protected":false},"excerpt":{"rendered":"<p>Seu cachorro est\u00e1 te deixando no limite? Corre atr\u00e1s de tudo, late sem parar, pula nas visitas ou at\u00e9 avan\u00e7a nos passeios? Fique atenta: esses comportamentos podem ser mais do que simples \u201cfase\u201d. Na verdade, s\u00e3o sinais claros de que ele precisa de adestramento urgente. Neste post, vou te mostrar 5 sinais de alerta e [&hellip;]<\/p>\n","protected":false},"author":25,"featured_media":6367,"comment_status":"open","ping_status":"open","sticky":false,"template":"","format":"standard","meta":{"footnotes":""},"categories":[1],"tags":[89,51,107,76,129,55,113,68,111,77],"_links":{"self":[{"href":"https:\/\/www.k9proseries.com.br\/index.php\/wp-json\/wp\/v2\/posts\/6359"}],"collection":[{"href":"https:\/\/www.k9proseries.com.br\/index.php\/wp-json\/wp\/v2\/posts"}],"about":[{"href":"https:\/\/www.k9proseries.com.br\/index.php\/wp-json\/wp\/v2\/types\/post"}],"author":[{"embeddable":true,"href":"https:\/\/www.k9proseries.com.br\/index.php\/wp-json\/wp\/v2\/users\/25"}],"replies":[{"embeddable":true,"href":"https:\/\/www.k9proseries.com.br\/index.php\/wp-json\/wp\/v2\/comments?post=6359"}],"version-history":[{"count":4,"href":"https:\/\/www.k9proseries.com.br\/index.php\/wp-json\/wp\/v2\/posts\/6359\/revisions"}],"predecessor-version":[{"id":6412,"href":"https:\/\/www.k9proseries.com.br\/index.php\/wp-json\/wp\/v2\/posts\/6359\/revisions\/6412"}],"wp:featuredmedia":[{"embeddable":true,"href":"https:\/\/www.k9proseries.com.br\/index.php\/wp-json\/wp\/v2\/media\/6367"}],"wp:attachment":[{"href":"https:\/\/www.k9proseries.com.br\/index.php\/wp-json\/wp\/v2\/media?parent=6359"}],"wp:term":[{"taxonomy":"category","embeddable":true,"href":"https:\/\/www.k9proseries.com.br\/index.php\/wp-json\/wp\/v2\/categories?post=6359"},{"taxonomy":"post_tag","embeddable":true,"href":"https:\/\/www.k9proseries.com.br\/index.php\/wp-json\/wp\/v2\/tags?post=6359"}],"curies":[{"name":"wp","href":"https:\/\/api.w.org\/{rel}","templated":true}]}}