{"id":6368,"date":"2026-02-25T16:06:18","date_gmt":"2026-02-25T19:06:18","guid":{"rendered":"https:\/\/www.k9proseries.com.br\/?p=6368"},"modified":"2026-03-13T14:37:44","modified_gmt":"2026-03-13T17:37:44","slug":"a-importancia-da-alimentacao-balanceada-para-a-saude-do-seu-cao","status":"publish","type":"post","link":"https:\/\/www.k9proseries.com.br\/index.php\/2026\/02\/25\/a-importancia-da-alimentacao-balanceada-para-a-saude-do-seu-cao\/","title":{"rendered":"A import\u00e2ncia da alimenta\u00e7\u00e3o balanceada para a sa\u00fade do seu c\u00e3o"},"content":{"rendered":"\n<p>A alimenta\u00e7\u00e3o \u00e9 um dos pilares mais importantes para a <strong>sa\u00fade, comportamento e qualidade de vida dos c\u00e3es<\/strong>. Uma dieta desequilibrada pode causar desde sobrepeso at\u00e9 problemas articulares, comportamentais e metab\u00f3licos.<\/p>\n\n\n\n<p>No <strong>Centro de Treinamento K9 Pro Series<\/strong>, levamos a alimenta\u00e7\u00e3o canina muito a s\u00e9rio. Por isso, <strong>pesamos diariamente a ra\u00e7\u00e3o de todos os c\u00e3es<\/strong>, sejam eles c\u00e3es da casa ou de clientes, garantindo controle de peso, sa\u00fade e bem-estar.<\/p>\n\n\n\n<figure class=\"wp-block-image size-full\"><img loading=\"lazy\" decoding=\"async\" width=\"341\" height=\"512\" src=\"https:\/\/www.k9proseries.com.br\/wp-content\/uploads\/2026\/02\/racao-de-cachorro.png\" alt=\"Ra\u00e7\u00e3o do c\u00e3o\" class=\"wp-image-6386\" srcset=\"https:\/\/www.k9proseries.com.br\/wp-content\/uploads\/2026\/02\/racao-de-cachorro.png 341w, https:\/\/www.k9proseries.com.br\/wp-content\/uploads\/2026\/02\/racao-de-cachorro-200x300.png 200w\" sizes=\"(max-width: 341px) 100vw, 341px\" \/><\/figure>\n\n\n\n<hr class=\"wp-block-separator has-alpha-channel-opacity\" \/>\n\n\n\n<p><strong>Por que a alimenta\u00e7\u00e3o balanceada \u00e9 t\u00e3o importante?<\/strong><\/p>\n\n\n\n<p>Uma alimenta\u00e7\u00e3o balanceada fornece:<\/p>\n\n\n\n<ul>\n<li>Energia adequada para o dia a dia<\/li>\n\n\n\n<li>Manuten\u00e7\u00e3o do peso ideal<\/li>\n\n\n\n<li>Sa\u00fade muscular e articular<\/li>\n\n\n\n<li>Melhor funcionamento do organismo<\/li>\n\n\n\n<li>Equil\u00edbrio emocional e comportamental<\/li>\n<\/ul>\n\n\n\n<p>Cada c\u00e3o possui necessidades diferentes, que variam de acordo com:<\/p>\n\n\n\n<ul>\n<li>Porte<\/li>\n\n\n\n<li>Idade<\/li>\n\n\n\n<li>N\u00edvel de atividade f\u00edsica<\/li>\n\n\n\n<li>Metabolismo<\/li>\n\n\n\n<li>Rotina de treinamento<\/li>\n\n\n\n<li><\/li>\n<\/ul>\n\n\n\n<p>Por isso, <strong>quantidade importa tanto quanto qualidade<\/strong>.<\/p>\n\n\n\n<hr class=\"wp-block-separator has-alpha-channel-opacity\" \/>\n\n\n\n<p><strong>Controle de peso: um cuidado essencial<\/strong><\/p>\n\n\n\n<p>O sobrepeso \u00e9 um problema cada vez mais comum em c\u00e3es e pode causar:<\/p>\n\n\n\n<ul>\n<li>Dores articulares<\/li>\n\n\n\n<li>Cansa\u00e7o excessivo<\/li>\n\n\n\n<li>Problemas card\u00edacos<\/li>\n\n\n\n<li>Redu\u00e7\u00e3o da expectativa de vida<\/li>\n<\/ul>\n\n\n\n<p>J\u00e1 a alimenta\u00e7\u00e3o insuficiente pode gerar:<\/p>\n\n\n\n<ul>\n<li>Fraqueza<\/li>\n\n\n\n<li>Perda de massa muscular<\/li>\n\n\n\n<li>Baixo rendimento em treinamentos<\/li>\n\n\n\n<li>Queda de imunidade<\/li>\n<\/ul>\n\n\n\n<p>Pensando nisso, no <strong>Centro de Treinamento K9 Pro Series<\/strong>, adotamos um <strong>controle rigoroso da alimenta\u00e7\u00e3o canina<\/strong>.<\/p>\n\n\n\n<hr class=\"wp-block-separator has-alpha-channel-opacity\" \/>\n\n\n\n<figure class=\"wp-block-image size-full\"><img loading=\"lazy\" decoding=\"async\" width=\"512\" height=\"341\" src=\"https:\/\/www.k9proseries.com.br\/wp-content\/uploads\/2026\/02\/armario-de-racao.png\" alt=\"Arm\u00e1rio de ra\u00e7\u00f5es\" class=\"wp-image-6388\" srcset=\"https:\/\/www.k9proseries.com.br\/wp-content\/uploads\/2026\/02\/armario-de-racao.png 512w, https:\/\/www.k9proseries.com.br\/wp-content\/uploads\/2026\/02\/armario-de-racao-300x200.png 300w\" sizes=\"(max-width: 512px) 100vw, 512px\" \/><\/figure>\n\n\n\n<p><strong>Aqui, a ra\u00e7\u00e3o \u00e9 pesada individualmente <\/strong><strong>\ud83e\udd63\u2696\ufe0f<\/strong><\/p>\n\n\n\n<p>Diferente do m\u00e9todo \u201ca olho\u201d, <strong>n\u00f3s pesamos a ra\u00e7\u00e3o de todos os c\u00e3es<\/strong>.<br>Isso nos permite:<\/p>\n\n\n\n<ul>\n<li>Ajustar a quantidade ideal para cada c\u00e3o<\/li>\n\n\n\n<li>Identificar rapidamente ganho ou perda de peso<\/li>\n\n\n\n<li>Saber qual c\u00e3o precisa comer mais ou menos<\/li>\n\n\n\n<li>Manter um padr\u00e3o alimentar saud\u00e1vel e seguro<\/li>\n<\/ul>\n\n\n\n<p>Esse controle vale tanto para:<\/p>\n\n\n\n<ul>\n<li>C\u00e3es hospedados<\/li>\n\n\n\n<li>C\u00e3es em treinamento<\/li>\n\n\n\n<li>C\u00e3es da casa<\/li>\n<\/ul>\n\n\n\n<hr class=\"wp-block-separator has-alpha-channel-opacity\" \/>\n\n\n\n<p><strong>Alimenta\u00e7\u00e3o alinhada ao treinamento canino<\/strong><\/p>\n\n\n\n<p>Um c\u00e3o bem alimentado:<\/p>\n\n\n\n<ul>\n<li>Aprende melhor<\/li>\n\n\n\n<li>Tem mais foco<\/li>\n\n\n\n<li>Apresenta menos estresse<\/li>\n\n\n\n<li>Responde melhor aos comandos<\/li>\n<\/ul>\n\n\n\n<p>Por isso, unimos <strong>alimenta\u00e7\u00e3o balanceada + rotina estruturada + treinamento canino<\/strong>, garantindo n\u00e3o apenas bons resultados, mas <strong>qualidade de vida<\/strong> para o c\u00e3o.<\/p>\n\n\n\n<p>A alimenta\u00e7\u00e3o correta faz parte do nosso trabalho com <strong>adestramento profissional e bem-estar animal<\/strong>.<\/p>\n\n\n\n<hr class=\"wp-block-separator has-alpha-channel-opacity\" \/>\n\n\n\n<p><strong>Nosso compromisso com a sa\u00fade dos c\u00e3es<\/strong><\/p>\n\n\n\n<p>No <strong>Centro de Treinamento K9 Pro Series<\/strong>, acreditamos que cuidar de um c\u00e3o vai muito al\u00e9m do b\u00e1sico.<br>O controle alimentar \u00e9 uma forma de respeito, responsabilidade e profissionalismo.<\/p>\n\n\n\n<p>Cada detalhe \u00e9 pensado para que o c\u00e3o:<\/p>\n\n\n\n<ul>\n<li>Mantenha-se saud\u00e1vel<\/li>\n\n\n\n<li>Tenha peso adequado<\/li>\n\n\n\n<li>Viva melhor<\/li>\n\n\n\n<li>Aproveite ao m\u00e1ximo a rotina de treinamento e hospedagem<\/li>\n<\/ul>\n\n\n\n<hr class=\"wp-block-separator has-alpha-channel-opacity\" \/>\n\n\n\n<p><strong>\ud83c\udf56 Enriquecimento da ra\u00e7\u00e3o: quando pequenos complementos fazem diferen\u00e7a<\/strong><\/p>\n\n\n\n<p>Al\u00e9m do controle rigoroso da quantidade de ra\u00e7\u00e3o, em alguns casos a alimenta\u00e7\u00e3o pode receber <strong>pequenos complementos naturais<\/strong>, sempre de forma consciente e equilibrada.<\/p>\n\n\n\n<p>O objetivo n\u00e3o \u00e9 substituir a ra\u00e7\u00e3o, mas <strong>incrementar a refei\u00e7\u00e3o<\/strong>, tornando-a mais atrativa e nutritiva para o c\u00e3o. Exemplos de complementos que podem ser utilizados incluem:<\/p>\n\n\n\n<ul>\n<li>Carne mo\u00edda<br><\/li>\n\n\n\n<li>Peixe<br><\/li>\n\n\n\n<li>Outros alimentos naturais adequados para c\u00e3es<br><\/li>\n<\/ul>\n\n\n\n<p>Esses \u201cmimos\u201d alimentares s\u00e3o oferecidos com crit\u00e9rio, respeitando as necessidades individuais de cada c\u00e3o, seu n\u00edvel de atividade f\u00edsica, metabolismo e rotina de treinamento.<\/p>\n\n\n\n<p>Aqui na K9 Pro Series, mesmo quando utilizamos algum complemento, <strong>a ra\u00e7\u00e3o continua sendo pesada corretamente<\/strong>, garantindo que o c\u00e3o receba a quantidade ideal de alimento, sem excessos que possam comprometer o peso ou a sa\u00fade.<\/p>\n\n\n\n<p>Esse cuidado refor\u00e7a nosso compromisso com uma alimenta\u00e7\u00e3o equilibrada, segura e alinhada ao bem-estar do c\u00e3o.<\/p>\n\n\n\n<figure class=\"wp-block-image size-full\"><img loading=\"lazy\" decoding=\"async\" width=\"341\" height=\"512\" src=\"https:\/\/www.k9proseries.com.br\/wp-content\/uploads\/2026\/02\/racao-de-cachorro-com-peixe-1.png\" alt=\"Ra\u00e7\u00e3o com peixe\" class=\"wp-image-6390\" srcset=\"https:\/\/www.k9proseries.com.br\/wp-content\/uploads\/2026\/02\/racao-de-cachorro-com-peixe-1.png 341w, https:\/\/www.k9proseries.com.br\/wp-content\/uploads\/2026\/02\/racao-de-cachorro-com-peixe-1-200x300.png 200w\" sizes=\"(max-width: 341px) 100vw, 341px\" \/><\/figure>\n\n\n\n<p>A alimenta\u00e7\u00e3o balanceada \u00e9 essencial para a sa\u00fade e o comportamento dos c\u00e3es. Quando aliada ao <strong>controle de peso e acompanhamento profissional<\/strong>, os benef\u00edcios s\u00e3o ainda maiores.<\/p>\n\n\n\n<p>Aqui na <strong>K9 Pro Series<\/strong>, pesamos a ra\u00e7\u00e3o de todos os c\u00e3es para garantir <strong>controle alimentar, sa\u00fade e bem-estar<\/strong>, seja para c\u00e3es da casa ou de nossos clientes.<\/p>\n\n\n\n<p>\ud83d\udc49 <strong>Quer saber mais sobre nosso trabalho com treinamento, hospedagem e cuidado completo com c\u00e3es?<\/strong><br><a href=\"https:\/\/wa.me\/5511964149627?text=Ol%C3%A1,%20gostaria%20de%20mais%20informa%C3%A7%C3%B5es.\" data-type=\"link\" data-id=\"https:\/\/wa.me\/5511964149627?text=Ol%C3%A1,%20gostaria%20de%20mais%20informa%C3%A7%C3%B5es.\">Entre em contato e conhe\u00e7a o Centro de Treinamento K9 Pro Series.<\/a><\/p>\n\n\n\n<hr class=\"wp-block-separator has-alpha-channel-opacity\" \/>\n","protected":false},"excerpt":{"rendered":"<p>A alimenta\u00e7\u00e3o \u00e9 um dos pilares mais importantes para a sa\u00fade, comportamento e qualidade de vida dos c\u00e3es. Uma dieta desequilibrada pode causar desde sobrepeso at\u00e9 problemas articulares, comportamentais e metab\u00f3licos. No Centro de Treinamento K9 Pro Series, levamos a alimenta\u00e7\u00e3o canina muito a s\u00e9rio. Por isso, pesamos diariamente a ra\u00e7\u00e3o de todos os c\u00e3es, [&hellip;]<\/p>\n","protected":false},"author":25,"featured_media":6372,"comment_status":"open","ping_status":"open","sticky":false,"template":"","format":"standard","meta":{"footnotes":""},"categories":[1],"tags":[107,143,140,133,113,144,145,111],"_links":{"self":[{"href":"https:\/\/www.k9proseries.com.br\/index.php\/wp-json\/wp\/v2\/posts\/6368"}],"collection":[{"href":"https:\/\/www.k9proseries.com.br\/index.php\/wp-json\/wp\/v2\/posts"}],"about":[{"href":"https:\/\/www.k9proseries.com.br\/index.php\/wp-json\/wp\/v2\/types\/post"}],"author":[{"embeddable":true,"href":"https:\/\/www.k9proseries.com.br\/index.php\/wp-json\/wp\/v2\/users\/25"}],"replies":[{"embeddable":true,"href":"https:\/\/www.k9proseries.com.br\/index.php\/wp-json\/wp\/v2\/comments?post=6368"}],"version-history":[{"count":3,"href":"https:\/\/www.k9proseries.com.br\/index.php\/wp-json\/wp\/v2\/posts\/6368\/revisions"}],"predecessor-version":[{"id":6393,"href":"https:\/\/www.k9proseries.com.br\/index.php\/wp-json\/wp\/v2\/posts\/6368\/revisions\/6393"}],"wp:featuredmedia":[{"embeddable":true,"href":"https:\/\/www.k9proseries.com.br\/index.php\/wp-json\/wp\/v2\/media\/6372"}],"wp:attachment":[{"href":"https:\/\/www.k9proseries.com.br\/index.php\/wp-json\/wp\/v2\/media?parent=6368"}],"wp:term":[{"taxonomy":"category","embeddable":true,"href":"https:\/\/www.k9proseries.com.br\/index.php\/wp-json\/wp\/v2\/categories?post=6368"},{"taxonomy":"post_tag","embeddable":true,"href":"https:\/\/www.k9proseries.com.br\/index.php\/wp-json\/wp\/v2\/tags?post=6368"}],"curies":[{"name":"wp","href":"https:\/\/api.w.org\/{rel}","templated":true}]}}