{"id":6415,"date":"2026-03-05T18:37:22","date_gmt":"2026-03-05T21:37:22","guid":{"rendered":"https:\/\/www.k9proseries.com.br\/?p=6415"},"modified":"2026-03-13T13:34:32","modified_gmt":"2026-03-13T16:34:32","slug":"racao-seca-ou-alimentacao-natural-qual-e-a-melhor-opcao-para-o-seu-cao","status":"publish","type":"post","link":"https:\/\/www.k9proseries.com.br\/index.php\/2026\/03\/05\/racao-seca-ou-alimentacao-natural-qual-e-a-melhor-opcao-para-o-seu-cao\/","title":{"rendered":"Ra\u00e7\u00e3o seca ou alimenta\u00e7\u00e3o natural: qual \u00e9 a melhor op\u00e7\u00e3o para o seu c\u00e3o?"},"content":{"rendered":"\n<p>Uma das d\u00favidas mais comuns entre tutores \u00e9: <strong>ra\u00e7\u00e3o seca ou alimenta\u00e7\u00e3o natural, qual \u00e9 melhor para o meu c\u00e3o?<\/strong><br>Na pr\u00e1tica, n\u00e3o existe uma \u00fanica resposta correta. Tudo depende do perfil do c\u00e3o, da rotina e do acompanhamento adequado.<\/p>\n\n\n\n<p>No <strong>Centro de Treinamento K9 Pro Series<\/strong>, recebemos diariamente c\u00e3es que se alimentam tanto com <strong>ra\u00e7\u00e3o seca<\/strong> quanto com <strong>alimenta\u00e7\u00e3o natural<\/strong>, seja ela industrializada ou preparada em casa. Por isso, entendemos a import\u00e2ncia de conhecer as vantagens de cada tipo de alimenta\u00e7\u00e3o.<\/p>\n\n\n\n<hr class=\"wp-block-separator has-alpha-channel-opacity\" \/>\n\n\n\n<p><strong>Ra\u00e7\u00e3o seca: praticidade e equil\u00edbrio nutricional<\/strong><\/p>\n\n\n\n<p>A ra\u00e7\u00e3o seca \u00e9 a escolha da maioria dos tutores, principalmente por sua praticidade e facilidade de armazenamento.<\/p>\n\n\n\n<p><strong>Vantagens da ra\u00e7\u00e3o seca:<\/strong><\/p>\n\n\n\n<ul>\n<li>F\u00f3rmula balanceada e padronizada<\/li>\n\n\n\n<li>Facilidade no controle da quantidade di\u00e1ria<\/li>\n\n\n\n<li>Menor risco de contamina\u00e7\u00e3o quando bem armazenada<\/li>\n\n\n\n<li>Praticidade para a rotina<\/li>\n\n\n\n<li>Boa op\u00e7\u00e3o para c\u00e3es em treinamento e hospedagem<\/li>\n<\/ul>\n\n\n\n<p>Quando bem escolhida e oferecida na quantidade correta, a ra\u00e7\u00e3o seca pode atender perfeitamente \u00e0s necessidades nutricionais do c\u00e3o.<\/p>\n\n\n\n<p>Na K9 Pro Series, <strong>a ra\u00e7\u00e3o seca \u00e9 sempre pesada<\/strong>, garantindo controle de peso e sa\u00fade.<\/p>\n\n\n\n<figure class=\"wp-block-image size-full\"><img loading=\"lazy\" decoding=\"async\" width=\"277\" height=\"492\" src=\"https:\/\/www.k9proseries.com.br\/wp-content\/uploads\/2026\/03\/racao-seca-para-caes.png\" alt=\"ra\u00e7\u00e3o seca para c\u00e3es\n\" class=\"wp-image-6420\" srcset=\"https:\/\/www.k9proseries.com.br\/wp-content\/uploads\/2026\/03\/racao-seca-para-caes.png 277w, https:\/\/www.k9proseries.com.br\/wp-content\/uploads\/2026\/03\/racao-seca-para-caes-169x300.png 169w\" sizes=\"(max-width: 277px) 100vw, 277px\" \/><\/figure>\n\n\n\n<p>Foto: Refei\u00e7\u00e3o &#8211; K9 Pro Series<\/p>\n\n\n\n<hr class=\"wp-block-separator has-alpha-channel-opacity\" \/>\n\n\n\n<p><strong>Alimenta\u00e7\u00e3o natural: mais palatabilidade e ingredientes frescos<\/strong><\/p>\n\n\n\n<p>A alimenta\u00e7\u00e3o natural vem ganhando cada vez mais espa\u00e7o entre os tutores. Ela pode ser:<\/p>\n\n\n\n<ul>\n<li><strong>Industrializada<\/strong>, j\u00e1 balanceada por profissionais<\/li>\n\n\n\n<li><strong>Preparada em casa<\/strong>, seguindo orienta\u00e7\u00e3o adequada<\/li>\n<\/ul>\n\n\n\n<p><strong>Vantagens da alimenta\u00e7\u00e3o natural:<\/strong><\/p>\n\n\n\n<ul>\n<li>Ingredientes frescos e naturais<\/li>\n\n\n\n<li>Maior aceita\u00e7\u00e3o por c\u00e3es mais seletivos<\/li>\n\n\n\n<li>Possibilidade de personaliza\u00e7\u00e3o da dieta<\/li>\n\n\n\n<li>Aux\u00edlio na sa\u00fade intestinal e da pelagem<\/li>\n<\/ul>\n\n\n\n<p>Por\u00e9m, \u00e9 importante destacar: <strong>alimenta\u00e7\u00e3o natural precisa ser bem planejada<\/strong>. Sem equil\u00edbrio nutricional, pode causar defici\u00eancias ou excessos prejudiciais \u00e0 sa\u00fade do c\u00e3o.<\/p>\n\n\n\n<figure class=\"wp-block-image size-full\"><img loading=\"lazy\" decoding=\"async\" width=\"267\" height=\"405\" src=\"https:\/\/www.k9proseries.com.br\/wp-content\/uploads\/2026\/03\/alimentacao-natural-para-caes.png\" alt=\"alimenta\u00e7\u00e3o natural para c\u00e3es\n\" class=\"wp-image-6421\" srcset=\"https:\/\/www.k9proseries.com.br\/wp-content\/uploads\/2026\/03\/alimentacao-natural-para-caes.png 267w, https:\/\/www.k9proseries.com.br\/wp-content\/uploads\/2026\/03\/alimentacao-natural-para-caes-198x300.png 198w\" sizes=\"(max-width: 267px) 100vw, 267px\" \/><\/figure>\n\n\n\n<p>Foto: Refei\u00e7\u00e3o &#8211; K9 Pro Series<\/p>\n\n\n\n<hr class=\"wp-block-separator has-alpha-channel-opacity\" \/>\n\n\n\n<p><strong>O que realmente importa: equil\u00edbrio e controle alimentar<\/strong><\/p>\n\n\n\n<p>Independentemente da escolha \u2014 ra\u00e7\u00e3o seca ou alimenta\u00e7\u00e3o natural \u2014 o mais importante \u00e9:<\/p>\n\n\n\n<ul>\n<li>Quantidade correta<\/li>\n\n\n\n<li>Qualidade dos ingredientes<\/li>\n\n\n\n<li>Controle de peso<\/li>\n\n\n\n<li>Acompanhamento da resposta do c\u00e3o<\/li>\n<\/ul>\n\n\n\n<p>No <strong>Centro de Treinamento K9 Pro Series<\/strong>, seguimos o mesmo padr\u00e3o para ambos os tipos de alimenta\u00e7\u00e3o:<\/p>\n\n\n\n<ul>\n<li>A comida \u00e9 pesada individualmente<\/li>\n\n\n\n<li>O consumo \u00e9 monitorado<\/li>\n\n\n\n<li>Ajustes s\u00e3o feitos conforme necessidade<\/li>\n\n\n\n<li>O bem-estar do c\u00e3o \u00e9 prioridade<\/li>\n<\/ul>\n\n\n\n<p>Esse controle nos permite identificar rapidamente se um c\u00e3o precisa comer mais ou menos, mantendo sua sa\u00fade e rendimento no treinamento.<\/p>\n\n\n\n<figure class=\"wp-block-image size-full\"><img loading=\"lazy\" decoding=\"async\" width=\"284\" height=\"429\" src=\"https:\/\/www.k9proseries.com.br\/wp-content\/uploads\/2026\/03\/saude-e-bem-estar-do-cao.png\" alt=\"comida natural para c\u00e3es\n\" class=\"wp-image-6422\" srcset=\"https:\/\/www.k9proseries.com.br\/wp-content\/uploads\/2026\/03\/saude-e-bem-estar-do-cao.png 284w, https:\/\/www.k9proseries.com.br\/wp-content\/uploads\/2026\/03\/saude-e-bem-estar-do-cao-199x300.png 199w\" sizes=\"(max-width: 284px) 100vw, 284px\" \/><\/figure>\n\n\n\n<p>Foto: Refei\u00e7\u00e3o &#8211; K9 Pro Series<\/p>\n\n\n\n<hr class=\"wp-block-separator has-alpha-channel-opacity\" \/>\n\n\n\n<p><strong>Alimenta\u00e7\u00e3o alinhada \u00e0 rotina do c\u00e3o<\/strong><\/p>\n\n\n\n<p>C\u00e3es em treinamento, hospedagem ou atividades f\u00edsicas precisam de uma alimenta\u00e7\u00e3o compat\u00edvel com sua rotina.<\/p>\n\n\n\n<p>Por isso, analisamos:<\/p>\n\n\n\n<ul>\n<li>N\u00edvel de atividade f\u00edsica<\/li>\n\n\n\n<li>Perfil comportamental<\/li>\n\n\n\n<li>Condi\u00e7\u00e3o corporal<\/li>\n\n\n\n<li>Rotina di\u00e1ria<\/li>\n<\/ul>\n\n\n\n<p>Assim, garantimos que a alimenta\u00e7\u00e3o esteja sempre alinhada ao <strong>treinamento canino e ao bem-estar animal<\/strong>.<\/p>\n\n\n\n<figure class=\"wp-block-image size-full\"><img loading=\"lazy\" decoding=\"async\" width=\"265\" height=\"479\" src=\"https:\/\/www.k9proseries.com.br\/wp-content\/uploads\/2026\/03\/centro-de-treinamento-canino.png\" alt=\"centro de treinamento canino\n\" class=\"wp-image-6423\" srcset=\"https:\/\/www.k9proseries.com.br\/wp-content\/uploads\/2026\/03\/centro-de-treinamento-canino.png 265w, https:\/\/www.k9proseries.com.br\/wp-content\/uploads\/2026\/03\/centro-de-treinamento-canino-166x300.png 166w\" sizes=\"(max-width: 265px) 100vw, 265px\" \/><\/figure>\n\n\n\n<p>Foto: Refei\u00e7\u00e3o &#8211; K9 Pro Series<\/p>\n\n\n\n<hr class=\"wp-block-separator has-alpha-channel-opacity\" \/>\n\n\n\n<p>N\u00e3o existe uma alimenta\u00e7\u00e3o melhor ou pior, e sim a <strong>alimenta\u00e7\u00e3o mais adequada para cada c\u00e3o<\/strong>.<br>Tanto a ra\u00e7\u00e3o seca quanto a alimenta\u00e7\u00e3o natural podem ser excelentes op\u00e7\u00f5es quando bem escolhidas, bem dosadas e acompanhadas.<\/p>\n\n\n\n<p>Na <strong>K9 Pro Series<\/strong>, respeitamos a escolha do tutor e garantimos <strong>controle alimentar, acompanhamento e cuidado profissional<\/strong>, seja qual for o tipo de alimenta\u00e7\u00e3o do c\u00e3o.\ud83d\udc49 <strong>Quer saber mais sobre nossa rotina de treinamento, hospedagem e cuidados com alimenta\u00e7\u00e3o canina?<\/strong><br>Entre em contato e conhe\u00e7a o Centro de Treinamento K9 Pro Series.<\/p>\n","protected":false},"excerpt":{"rendered":"<p>Uma das d\u00favidas mais comuns entre tutores \u00e9: ra\u00e7\u00e3o seca ou alimenta\u00e7\u00e3o natural, qual \u00e9 melhor para o meu c\u00e3o?Na pr\u00e1tica, n\u00e3o existe uma \u00fanica resposta correta. Tudo depende do perfil do c\u00e3o, da rotina e do acompanhamento adequado. No Centro de Treinamento K9 Pro Series, recebemos diariamente c\u00e3es que se alimentam tanto com ra\u00e7\u00e3o [&hellip;]<\/p>\n","protected":false},"author":25,"featured_media":6462,"comment_status":"open","ping_status":"open","sticky":false,"template":"","format":"standard","meta":{"footnotes":""},"categories":[1],"tags":[107,140,138,129,139,141,137,142],"_links":{"self":[{"href":"https:\/\/www.k9proseries.com.br\/index.php\/wp-json\/wp\/v2\/posts\/6415"}],"collection":[{"href":"https:\/\/www.k9proseries.com.br\/index.php\/wp-json\/wp\/v2\/posts"}],"about":[{"href":"https:\/\/www.k9proseries.com.br\/index.php\/wp-json\/wp\/v2\/types\/post"}],"author":[{"embeddable":true,"href":"https:\/\/www.k9proseries.com.br\/index.php\/wp-json\/wp\/v2\/users\/25"}],"replies":[{"embeddable":true,"href":"https:\/\/www.k9proseries.com.br\/index.php\/wp-json\/wp\/v2\/comments?post=6415"}],"version-history":[{"count":1,"href":"https:\/\/www.k9proseries.com.br\/index.php\/wp-json\/wp\/v2\/posts\/6415\/revisions"}],"predecessor-version":[{"id":6424,"href":"https:\/\/www.k9proseries.com.br\/index.php\/wp-json\/wp\/v2\/posts\/6415\/revisions\/6424"}],"wp:featuredmedia":[{"embeddable":true,"href":"https:\/\/www.k9proseries.com.br\/index.php\/wp-json\/wp\/v2\/media\/6462"}],"wp:attachment":[{"href":"https:\/\/www.k9proseries.com.br\/index.php\/wp-json\/wp\/v2\/media?parent=6415"}],"wp:term":[{"taxonomy":"category","embeddable":true,"href":"https:\/\/www.k9proseries.com.br\/index.php\/wp-json\/wp\/v2\/categories?post=6415"},{"taxonomy":"post_tag","embeddable":true,"href":"https:\/\/www.k9proseries.com.br\/index.php\/wp-json\/wp\/v2\/tags?post=6415"}],"curies":[{"name":"wp","href":"https:\/\/api.w.org\/{rel}","templated":true}]}}