{"id":6458,"date":"2026-03-11T17:00:28","date_gmt":"2026-03-11T20:00:28","guid":{"rendered":"https:\/\/www.k9proseries.com.br\/?p=6458"},"modified":"2026-03-13T12:40:40","modified_gmt":"2026-03-13T15:40:40","slug":"pesagem-mensal-dos-caes-controle-saude-e-bem-estar-na-k9-pro-series","status":"publish","type":"post","link":"https:\/\/www.k9proseries.com.br\/index.php\/2026\/03\/11\/pesagem-mensal-dos-caes-controle-saude-e-bem-estar-na-k9-pro-series\/","title":{"rendered":"Pesagem Mensal dos C\u00e3es: Controle, Sa\u00fade e Bem-Estar na K9 Pro Series"},"content":{"rendered":"\n<p>O controle de peso \u00e9 um dos pilares da sa\u00fade e do bem-estar canino. Aqui na <strong>K9 Pro Series<\/strong>, realizamos a <strong>pesagem mensal dos c\u00e3es (em kg)<\/strong> como parte fundamental da nossa rotina de cuidado, observa\u00e7\u00e3o e acompanhamento individual.<\/p>\n\n\n\n<p>Esse controle nos permite avaliar a evolu\u00e7\u00e3o do c\u00e3o ao longo do tempo e entender como a alimenta\u00e7\u00e3o, o n\u00edvel de atividade f\u00edsica e a rotina influenciam diretamente seu peso e sua sa\u00fade.<\/p>\n\n\n\n<hr class=\"wp-block-separator has-alpha-channel-opacity\" \/>\n\n\n\n<p><strong>\ud83d\udc15<\/strong><strong> Por que a pesagem mensal dos c\u00e3es \u00e9 t\u00e3o importante?<\/strong><\/p>\n\n\n\n<p>A pesagem regular vai muito al\u00e9m de um n\u00famero na balan\u00e7a. Ela nos ajuda a identificar se:<\/p>\n\n\n\n<ul>\n<li>O c\u00e3o est\u00e1 <strong>ganhando peso<\/strong> de forma saud\u00e1vel<\/li>\n\n\n\n<li>O c\u00e3o est\u00e1 <strong>perdendo peso<\/strong> devido ao alto gasto energ\u00e9tico<\/li>\n\n\n\n<li>A quantidade de alimenta\u00e7\u00e3o oferecida est\u00e1 adequada<\/li>\n\n\n\n<li>O n\u00edvel de atividade f\u00edsica est\u00e1 compat\u00edvel com a rotina do c\u00e3o<\/li>\n<\/ul>\n\n\n\n<p>Cada c\u00e3o responde de forma diferente \u00e0 alimenta\u00e7\u00e3o e \u00e0s atividades. Por isso, o acompanhamento mensal \u00e9 essencial para manter o equil\u00edbrio.<\/p>\n\n\n\n<figure class=\"wp-block-image size-full\"><img loading=\"lazy\" decoding=\"async\" width=\"384\" height=\"512\" src=\"https:\/\/www.k9proseries.com.br\/wp-content\/uploads\/2026\/03\/Pug-pesando.png\" alt=\"C\u00e3o Pug sendo pesado\" class=\"wp-image-6403\" srcset=\"https:\/\/www.k9proseries.com.br\/wp-content\/uploads\/2026\/03\/Pug-pesando.png 384w, https:\/\/www.k9proseries.com.br\/wp-content\/uploads\/2026\/03\/Pug-pesando-225x300.png 225w\" sizes=\"(max-width: 384px) 100vw, 384px\" \/><\/figure>\n\n\n\n<p>Foto: Treinamento Canino &#8211; K9 Pro series<\/p>\n\n\n\n<hr class=\"wp-block-separator has-alpha-channel-opacity\" \/>\n\n\n\n<p><strong>\ud83c\udf7d\ufe0f<\/strong><strong> Alimenta\u00e7\u00e3o, energia e controle de peso<\/strong><\/p>\n\n\n\n<p>Na <strong>K9 Pro Series<\/strong>, ajustamos a alimenta\u00e7\u00e3o com base no comportamento e na rotina de cada c\u00e3o.<\/p>\n\n\n\n<p>Por exemplo:<\/p>\n\n\n\n<ul>\n<li>C\u00e3es muito ativos, que participam intensamente das atividades di\u00e1rias, podem <strong>gastar mais energia<\/strong> e perder peso<\/li>\n\n\n\n<li>C\u00e3es com perfil mais tranquilo, que se movimentam menos, podem <strong>ganhar peso<\/strong> se a alimenta\u00e7\u00e3o n\u00e3o for ajustada<\/li>\n<\/ul>\n\n\n\n<p>Com a pesagem mensal, conseguimos observar essas mudan\u00e7as e fazer corre\u00e7\u00f5es quando necess\u00e1rio, sempre pensando na <strong>sa\u00fade e no bem-estar canino<\/strong>.<\/p>\n\n\n\n<figure class=\"wp-block-image size-full\"><img loading=\"lazy\" decoding=\"async\" width=\"447\" height=\"769\" src=\"https:\/\/www.k9proseries.com.br\/wp-content\/uploads\/2026\/03\/Pastores-Malinois-Pesando.png\" alt=\"C\u00e3es Pastores Belga sendo pesados\" class=\"wp-image-6404\" srcset=\"https:\/\/www.k9proseries.com.br\/wp-content\/uploads\/2026\/03\/Pastores-Malinois-Pesando.png 447w, https:\/\/www.k9proseries.com.br\/wp-content\/uploads\/2026\/03\/Pastores-Malinois-Pesando-174x300.png 174w\" sizes=\"(max-width: 447px) 100vw, 447px\" \/><\/figure>\n\n\n\n<p>Foto: Treinamento Canino &#8211; K9 Pro series<\/p>\n\n\n\n<hr class=\"wp-block-separator has-alpha-channel-opacity\" \/>\n\n\n\n<p><strong>\ud83c\udfe8<\/strong><strong> Pesagem na entrada e na sa\u00edda da hospedagem<\/strong><\/p>\n\n\n\n<p>Todos os c\u00e3es de clientes passam por <strong>pesagem na entrada e na sa\u00edda do per\u00edodo de hospedagem<\/strong> na K9 Pro Series.<\/p>\n\n\n\n<p>Mesmo que o c\u00e3o permane\u00e7a conosco por mais de 30 dias:<\/p>\n\n\n\n<ul>\n<li>Ele ser\u00e1 pesado <strong>em todos os meses<\/strong> em que permanecer hospedado<\/li>\n\n\n\n<li>Ao final da estadia, realizamos uma <strong>nova pesagem de sa\u00edda<\/strong><\/li>\n\n\n\n<li>Comparamos o peso final com o peso inicial<\/li>\n<\/ul>\n\n\n\n<p>Esse processo garante transpar\u00eancia, acompanhamento real da evolu\u00e7\u00e3o do c\u00e3o e mais seguran\u00e7a para os tutores.<\/p>\n\n\n\n<figure class=\"wp-block-image size-full\"><img loading=\"lazy\" decoding=\"async\" width=\"504\" height=\"733\" src=\"https:\/\/www.k9proseries.com.br\/wp-content\/uploads\/2026\/03\/Cao-Pesando.png\" alt=\"C\u00e3o na balan\u00e7a de peso\" class=\"wp-image-6405\" srcset=\"https:\/\/www.k9proseries.com.br\/wp-content\/uploads\/2026\/03\/Cao-Pesando.png 504w, https:\/\/www.k9proseries.com.br\/wp-content\/uploads\/2026\/03\/Cao-Pesando-206x300.png 206w\" sizes=\"(max-width: 504px) 100vw, 504px\" \/><\/figure>\n\n\n\n<p>Foto: Treinamento Canino &#8211; K9 Pro series<\/p>\n\n\n\n<hr class=\"wp-block-separator has-alpha-channel-opacity\" \/>\n\n\n\n<p><strong>\ud83d\udc36<\/strong><strong> Acompanhamento especial para filhotes<\/strong><\/p>\n\n\n\n<p>A pesagem mensal \u00e9 ainda mais importante no caso de <strong>filhotes em hospedagem<\/strong>.<\/p>\n\n\n\n<p>Com esse controle, conseguimos:<\/p>\n\n\n\n<ul>\n<li>Acompanhar o crescimento saud\u00e1vel<\/li>\n\n\n\n<li>Monitorar o desenvolvimento f\u00edsico<\/li>\n\n\n\n<li>Ajustar alimenta\u00e7\u00e3o conforme a fase do filhote<\/li>\n\n\n\n<li>Registrar a evolu\u00e7\u00e3o m\u00eas a m\u00eas<\/li>\n<\/ul>\n\n\n\n<p>Cada pesagem \u00e9 registrada, garantindo um hist\u00f3rico completo do desenvolvimento do filhote durante sua perman\u00eancia na <strong>K9 Pro Series<\/strong>.<\/p>\n\n\n\n<figure class=\"wp-block-image size-full\"><img loading=\"lazy\" decoding=\"async\" width=\"514\" height=\"668\" src=\"https:\/\/www.k9proseries.com.br\/wp-content\/uploads\/2026\/03\/Cao-filhote-pesando.png\" alt=\"C\u00e3o filhote sendo pesado\" class=\"wp-image-6406\" srcset=\"https:\/\/www.k9proseries.com.br\/wp-content\/uploads\/2026\/03\/Cao-filhote-pesando.png 514w, https:\/\/www.k9proseries.com.br\/wp-content\/uploads\/2026\/03\/Cao-filhote-pesando-231x300.png 231w\" sizes=\"(max-width: 514px) 100vw, 514px\" \/><\/figure>\n\n\n\n<p>Foto: Treinamento Canino &#8211; K9 Pro series<\/p>\n\n\n\n<hr class=\"wp-block-separator has-alpha-channel-opacity\" \/>\n\n\n\n<p><strong>\ud83d\udcf8<\/strong><strong> Registro com foto: cuidado e transpar\u00eancia<\/strong><\/p>\n\n\n\n<p>Al\u00e9m da pesagem, tamb\u00e9m realizamos o <strong>registro com foto do nosso amigo peludo na balan\u00e7a<\/strong> \ud83d\udc3e\ud83d\udcf7<br>Esse detalhe refor\u00e7a nosso cuidado, organiza\u00e7\u00e3o e compromisso com a transpar\u00eancia no acompanhamento de cada c\u00e3o.<\/p>\n\n\n\n<hr class=\"wp-block-separator has-alpha-channel-opacity\" \/>\n\n\n\n<p>O controle de peso \u00e9 uma ferramenta essencial para garantir sa\u00fade, bem-estar e qualidade de vida aos c\u00e3es. A <strong>pesagem mensal na K9 Pro Series<\/strong> permite acompanhar a evolu\u00e7\u00e3o de cada animal, ajustar a alimenta\u00e7\u00e3o, entender o impacto das atividades di\u00e1rias e oferecer um cuidado realmente individualizado.<\/p>\n\n\n\n<p>Seja para c\u00e3es da casa, c\u00e3es de clientes ou filhotes em fase de crescimento, nosso compromisso \u00e9 acompanhar cada detalhe com responsabilidade, carinho e profissionalismo.<\/p>\n\n\n\n<p>Na <strong>K9 Pro Series<\/strong>, cuidar do c\u00e3o \u00e9 olhar para ele por completo \u2014 corpo, mente e rotina.<\/p>\n","protected":false},"excerpt":{"rendered":"<p>O controle de peso \u00e9 um dos pilares da sa\u00fade e do bem-estar canino. Aqui na K9 Pro Series, realizamos a pesagem mensal dos c\u00e3es (em kg) como parte fundamental da nossa rotina de cuidado, observa\u00e7\u00e3o e acompanhamento individual. Esse controle nos permite avaliar a evolu\u00e7\u00e3o do c\u00e3o ao longo do tempo e entender como [&hellip;]<\/p>\n","protected":false},"author":25,"featured_media":6460,"comment_status":"open","ping_status":"open","sticky":false,"template":"","format":"standard","meta":{"footnotes":""},"categories":[1],"tags":[135,122,129,133,113,68,132,136,121,111],"_links":{"self":[{"href":"https:\/\/www.k9proseries.com.br\/index.php\/wp-json\/wp\/v2\/posts\/6458"}],"collection":[{"href":"https:\/\/www.k9proseries.com.br\/index.php\/wp-json\/wp\/v2\/posts"}],"about":[{"href":"https:\/\/www.k9proseries.com.br\/index.php\/wp-json\/wp\/v2\/types\/post"}],"author":[{"embeddable":true,"href":"https:\/\/www.k9proseries.com.br\/index.php\/wp-json\/wp\/v2\/users\/25"}],"replies":[{"embeddable":true,"href":"https:\/\/www.k9proseries.com.br\/index.php\/wp-json\/wp\/v2\/comments?post=6458"}],"version-history":[{"count":3,"href":"https:\/\/www.k9proseries.com.br\/index.php\/wp-json\/wp\/v2\/posts\/6458\/revisions"}],"predecessor-version":[{"id":6501,"href":"https:\/\/www.k9proseries.com.br\/index.php\/wp-json\/wp\/v2\/posts\/6458\/revisions\/6501"}],"wp:featuredmedia":[{"embeddable":true,"href":"https:\/\/www.k9proseries.com.br\/index.php\/wp-json\/wp\/v2\/media\/6460"}],"wp:attachment":[{"href":"https:\/\/www.k9proseries.com.br\/index.php\/wp-json\/wp\/v2\/media?parent=6458"}],"wp:term":[{"taxonomy":"category","embeddable":true,"href":"https:\/\/www.k9proseries.com.br\/index.php\/wp-json\/wp\/v2\/categories?post=6458"},{"taxonomy":"post_tag","embeddable":true,"href":"https:\/\/www.k9proseries.com.br\/index.php\/wp-json\/wp\/v2\/tags?post=6458"}],"curies":[{"name":"wp","href":"https:\/\/api.w.org\/{rel}","templated":true}]}}