{"id":6607,"date":"2026-04-27T07:00:00","date_gmt":"2026-04-27T10:00:00","guid":{"rendered":"https:\/\/www.k9proseries.com.br\/?p=6607"},"modified":"2026-04-24T10:16:26","modified_gmt":"2026-04-24T13:16:26","slug":"quando-e-o-melhor-momento-para-comecar-o-adestramento-do-cao","status":"publish","type":"post","link":"https:\/\/www.k9proseries.com.br\/index.php\/2026\/04\/27\/quando-e-o-melhor-momento-para-comecar-o-adestramento-do-cao\/","title":{"rendered":"Quando \u00e9 o melhor momento para come\u00e7ar o adestramento do c\u00e3o"},"content":{"rendered":"\n<p>Saiba qual \u00e9 o momento ideal para iniciar o adestramento do seu c\u00e3o e como garantir resultados positivos na K9 Pro Series em Mogi das Cruzes e regi\u00e3o do Alto Tiet\u00ea.<\/p>\n\n\n\n<hr class=\"wp-block-separator has-alpha-channel-opacity\" \/>\n\n\n\n<h2 class=\"wp-block-heading\">Introdu\u00e7\u00e3o<\/h2>\n\n\n\n<p>Uma das d\u00favidas mais comuns entre tutores \u00e9: existe um momento certo para come\u00e7ar o adestramento do c\u00e3o?<\/p>\n\n\n\n<p>A resposta \u00e9 simples \u2014 quanto antes, melhor. Mas isso n\u00e3o significa que c\u00e3es adultos n\u00e3o possam aprender. O adestramento canino pode (e deve) ser iniciado em diferentes fases da vida, sempre respeitando o perfil e o comportamento do animal.<\/p>\n\n\n\n<p>Na K9 Pro Series, o treinamento \u00e9 adaptado para cada idade, garantindo evolu\u00e7\u00e3o consistente e bem-estar para c\u00e3es de Mogi das Cruzes, Alto Tiet\u00ea e Aruj\u00e1.<\/p>\n\n\n\n<figure class=\"wp-block-image size-large is-resized\"><img loading=\"lazy\" decoding=\"async\" width=\"962\" height=\"1024\" src=\"https:\/\/www.k9proseries.com.br\/wp-content\/uploads\/2026\/04\/filhote-em-adestramento-e1776686605760-962x1024.png\" alt=\"\" class=\"wp-image-6687\" style=\"width:512px;height:auto\" srcset=\"https:\/\/www.k9proseries.com.br\/wp-content\/uploads\/2026\/04\/filhote-em-adestramento-e1776686605760-962x1024.png 962w, https:\/\/www.k9proseries.com.br\/wp-content\/uploads\/2026\/04\/filhote-em-adestramento-e1776686605760-282x300.png 282w, https:\/\/www.k9proseries.com.br\/wp-content\/uploads\/2026\/04\/filhote-em-adestramento-e1776686605760-768x818.png 768w, https:\/\/www.k9proseries.com.br\/wp-content\/uploads\/2026\/04\/filhote-em-adestramento-e1776686605760-600x639.png 600w, https:\/\/www.k9proseries.com.br\/wp-content\/uploads\/2026\/04\/filhote-em-adestramento-e1776686605760.png 1024w\" sizes=\"(max-width: 962px) 100vw, 962px\" \/><\/figure>\n\n\n\n<hr class=\"wp-block-separator has-alpha-channel-opacity\" \/>\n\n\n\n<h2 class=\"wp-block-heading\">Filhotes x adultos<\/h2>\n\n\n\n<h3 class=\"wp-block-heading\">Filhotes<\/h3>\n\n\n\n<p>O per\u00edodo ideal para iniciar o adestramento come\u00e7a ainda na fase de filhote.<\/p>\n\n\n\n<p>Nessa etapa, o c\u00e3o:<\/p>\n\n\n\n<ul>\n<li>Aprende com mais facilidade<\/li>\n\n\n\n<li>Est\u00e1 formando h\u00e1bitos e comportamentos<\/li>\n\n\n\n<li>Responde melhor a est\u00edmulos positivos<\/li>\n\n\n\n<li>Desenvolve socializa\u00e7\u00e3o com mais naturalidade<\/li>\n<\/ul>\n\n\n\n<p>Comandos b\u00e1sicos, rotina e limites podem ser introduzidos de forma leve e progressiva.<\/p>\n\n\n\n<figure class=\"wp-block-image size-large is-resized\"><img loading=\"lazy\" decoding=\"async\" width=\"683\" height=\"1024\" src=\"https:\/\/www.k9proseries.com.br\/wp-content\/uploads\/2026\/04\/treinamento-com-filhotes-de-malinois-683x1024.png\" alt=\"\" class=\"wp-image-6670\" style=\"width:509px;height:auto\" srcset=\"https:\/\/www.k9proseries.com.br\/wp-content\/uploads\/2026\/04\/treinamento-com-filhotes-de-malinois-683x1024.png 683w, https:\/\/www.k9proseries.com.br\/wp-content\/uploads\/2026\/04\/treinamento-com-filhotes-de-malinois-200x300.png 200w, https:\/\/www.k9proseries.com.br\/wp-content\/uploads\/2026\/04\/treinamento-com-filhotes-de-malinois-768x1152.png 768w, https:\/\/www.k9proseries.com.br\/wp-content\/uploads\/2026\/04\/treinamento-com-filhotes-de-malinois-600x900.png 600w, https:\/\/www.k9proseries.com.br\/wp-content\/uploads\/2026\/04\/treinamento-com-filhotes-de-malinois.png 1024w\" sizes=\"(max-width: 683px) 100vw, 683px\" \/><\/figure>\n\n\n\n<hr class=\"wp-block-separator has-alpha-channel-opacity\" \/>\n\n\n\n<h3 class=\"wp-block-heading\">C\u00e3es adultos<\/h3>\n\n\n\n<p>C\u00e3es adultos tamb\u00e9m podem ser adestrados com excelentes resultados.<\/p>\n\n\n\n<p>Mesmo que j\u00e1 tenham comportamentos formados, \u00e9 poss\u00edvel:<\/p>\n\n\n\n<ul>\n<li>Corrigir h\u00e1bitos indesejados<\/li>\n\n\n\n<li>Refor\u00e7ar obedi\u00eancia<\/li>\n\n\n\n<li>Melhorar conviv\u00eancia<\/li>\n\n\n\n<li>Reduzir ansiedade e estresse<\/li>\n<\/ul>\n\n\n\n<p>O processo pode exigir mais consist\u00eancia, mas os resultados s\u00e3o totalmente poss\u00edveis com acompanhamento profissional.<\/p>\n\n\n\n<figure class=\"wp-block-image size-full is-resized\"><img loading=\"lazy\" decoding=\"async\" width=\"817\" height=\"556\" src=\"https:\/\/www.k9proseries.com.br\/wp-content\/uploads\/2026\/04\/comportamento-canino-obediencia.jpg\" alt=\"\" class=\"wp-image-6676\" style=\"width:631px;height:auto\" srcset=\"https:\/\/www.k9proseries.com.br\/wp-content\/uploads\/2026\/04\/comportamento-canino-obediencia.jpg 817w, https:\/\/www.k9proseries.com.br\/wp-content\/uploads\/2026\/04\/comportamento-canino-obediencia-300x204.jpg 300w, https:\/\/www.k9proseries.com.br\/wp-content\/uploads\/2026\/04\/comportamento-canino-obediencia-768x523.jpg 768w, https:\/\/www.k9proseries.com.br\/wp-content\/uploads\/2026\/04\/comportamento-canino-obediencia-600x408.jpg 600w\" sizes=\"(max-width: 817px) 100vw, 817px\" \/><\/figure>\n\n\n\n<hr class=\"wp-block-separator has-alpha-channel-opacity\" \/>\n\n\n\n<h2 class=\"wp-block-heading\">Observa\u00e7\u00e3o de comportamento<\/h2>\n\n\n\n<p>Mais importante do que a idade \u00e9 observar o comportamento do c\u00e3o.<\/p>\n\n\n\n<p>Alguns sinais indicam que o adestramento deve come\u00e7ar o quanto antes:<\/p>\n\n\n\n<ul>\n<li>Ansiedade excessiva<\/li>\n\n\n\n<li>Latidos constantes<\/li>\n\n\n\n<li>Dificuldade em obedecer comandos simples<\/li>\n\n\n\n<li>Comportamentos destrutivos<\/li>\n\n\n\n<li>Dificuldade de socializa\u00e7\u00e3o<\/li>\n<\/ul>\n\n\n\n<p>Identificar esses sinais precocemente ajuda a evitar que o problema se intensifique.<\/p>\n\n\n\n<hr class=\"wp-block-separator has-alpha-channel-opacity\" \/>\n\n\n\n<h2 class=\"wp-block-heading\">Rotina e consist\u00eancia no treinamento<\/h2>\n\n\n\n<p>Independentemente da idade, o sucesso do adestramento est\u00e1 na consist\u00eancia.<\/p>\n\n\n\n<p>Uma rotina estruturada permite:<\/p>\n\n\n\n<ul>\n<li>Repeti\u00e7\u00e3o dos comandos<\/li>\n\n\n\n<li>Melhor assimila\u00e7\u00e3o do aprendizado<\/li>\n\n\n\n<li>Redu\u00e7\u00e3o de confus\u00e3o para o c\u00e3o<\/li>\n\n\n\n<li>Evolu\u00e7\u00e3o cont\u00ednua e previs\u00edvel<\/li>\n<\/ul>\n\n\n\n<p>Na K9 Pro Series, o adestramento \u00e9 integrado \u00e0 rotina di\u00e1ria, garantindo que o c\u00e3o aprenda de forma natural e eficiente.<\/p>\n\n\n\n<figure class=\"wp-block-image size-large\"><img loading=\"lazy\" decoding=\"async\" width=\"576\" height=\"1024\" src=\"https:\/\/www.k9proseries.com.br\/wp-content\/uploads\/2026\/04\/treinamento.canino-576x1024.jpeg\" alt=\"\" class=\"wp-image-6675\" srcset=\"https:\/\/www.k9proseries.com.br\/wp-content\/uploads\/2026\/04\/treinamento.canino-576x1024.jpeg 576w, https:\/\/www.k9proseries.com.br\/wp-content\/uploads\/2026\/04\/treinamento.canino-169x300.jpeg 169w, https:\/\/www.k9proseries.com.br\/wp-content\/uploads\/2026\/04\/treinamento.canino-768x1365.jpeg 768w, https:\/\/www.k9proseries.com.br\/wp-content\/uploads\/2026\/04\/treinamento.canino-864x1536.jpeg 864w, https:\/\/www.k9proseries.com.br\/wp-content\/uploads\/2026\/04\/treinamento.canino-1152x2048.jpeg 1152w, https:\/\/www.k9proseries.com.br\/wp-content\/uploads\/2026\/04\/treinamento.canino-562x999.jpeg 562w, https:\/\/www.k9proseries.com.br\/wp-content\/uploads\/2026\/04\/treinamento.canino-scaled.jpeg 1440w\" sizes=\"(max-width: 576px) 100vw, 576px\" \/><\/figure>\n\n\n\n<hr class=\"wp-block-separator has-alpha-channel-opacity\" \/>\n\n\n\n<h2 class=\"wp-block-heading\">Conclus\u00e3o<\/h2>\n\n\n\n<p>N\u00e3o existe um \u00fanico \u201cmomento perfeito\u201d \u2014 existe o momento em que voc\u00ea decide come\u00e7ar.<\/p>\n\n\n\n<p>Seja filhote ou adulto, todo c\u00e3o pode aprender e evoluir com o adestramento certo, aplicado com consist\u00eancia e acompanhamento profissional.<\/p>\n\n\n\n<p>Na K9 Pro Series, cada c\u00e3o \u00e9 tratado de forma individual, respeitando seu tempo, comportamento e necessidades, garantindo resultados reais e duradouros.<\/p>\n\n\n\n<p>Se voc\u00ea est\u00e1 em Mogi das Cruzes, Aruj\u00e1 ou regi\u00e3o do Alto Tiet\u00ea, iniciar o adestramento pode transformar completamente a rela\u00e7\u00e3o com seu c\u00e3o.<\/p>\n","protected":false},"excerpt":{"rendered":"<p>Saiba qual \u00e9 o momento ideal para iniciar o adestramento do seu c\u00e3o e como garantir resultados positivos na K9 Pro Series em Mogi das Cruzes e regi\u00e3o do Alto Tiet\u00ea. Introdu\u00e7\u00e3o Uma das d\u00favidas mais comuns entre tutores \u00e9: existe um momento certo para come\u00e7ar o adestramento do c\u00e3o? A resposta \u00e9 simples \u2014 [&hellip;]<\/p>\n","protected":false},"author":28,"featured_media":6669,"comment_status":"open","ping_status":"open","sticky":false,"template":"","format":"standard","meta":{"footnotes":""},"categories":[86,84],"tags":[163,168,169,68,164,49],"_links":{"self":[{"href":"https:\/\/www.k9proseries.com.br\/index.php\/wp-json\/wp\/v2\/posts\/6607"}],"collection":[{"href":"https:\/\/www.k9proseries.com.br\/index.php\/wp-json\/wp\/v2\/posts"}],"about":[{"href":"https:\/\/www.k9proseries.com.br\/index.php\/wp-json\/wp\/v2\/types\/post"}],"author":[{"embeddable":true,"href":"https:\/\/www.k9proseries.com.br\/index.php\/wp-json\/wp\/v2\/users\/28"}],"replies":[{"embeddable":true,"href":"https:\/\/www.k9proseries.com.br\/index.php\/wp-json\/wp\/v2\/comments?post=6607"}],"version-history":[{"count":4,"href":"https:\/\/www.k9proseries.com.br\/index.php\/wp-json\/wp\/v2\/posts\/6607\/revisions"}],"predecessor-version":[{"id":6688,"href":"https:\/\/www.k9proseries.com.br\/index.php\/wp-json\/wp\/v2\/posts\/6607\/revisions\/6688"}],"wp:featuredmedia":[{"embeddable":true,"href":"https:\/\/www.k9proseries.com.br\/index.php\/wp-json\/wp\/v2\/media\/6669"}],"wp:attachment":[{"href":"https:\/\/www.k9proseries.com.br\/index.php\/wp-json\/wp\/v2\/media?parent=6607"}],"wp:term":[{"taxonomy":"category","embeddable":true,"href":"https:\/\/www.k9proseries.com.br\/index.php\/wp-json\/wp\/v2\/categories?post=6607"},{"taxonomy":"post_tag","embeddable":true,"href":"https:\/\/www.k9proseries.com.br\/index.php\/wp-json\/wp\/v2\/tags?post=6607"}],"curies":[{"name":"wp","href":"https:\/\/api.w.org\/{rel}","templated":true}]}}