{"id":6609,"date":"2026-04-10T07:00:00","date_gmt":"2026-04-10T10:00:00","guid":{"rendered":"https:\/\/www.k9proseries.com.br\/?p=6609"},"modified":"2026-04-08T12:13:33","modified_gmt":"2026-04-08T15:13:33","slug":"golden-retriever-cuidados-do-filhote-a-fase-adulta","status":"publish","type":"post","link":"https:\/\/www.k9proseries.com.br\/index.php\/2026\/04\/10\/golden-retriever-cuidados-do-filhote-a-fase-adulta\/","title":{"rendered":"Golden Retriever: cuidados do filhote \u00e0 fase adulta"},"content":{"rendered":"\n<p>Descubra todos os cuidados com o Golden Retriever, desde filhote at\u00e9 a fase adulta, incluindo alimenta\u00e7\u00e3o, comportamento e bem-estar na K9 Pro Series.<\/p>\n\n\n\n<hr class=\"wp-block-separator has-alpha-channel-opacity\" \/>\n\n\n\n<h2 class=\"wp-block-heading\">Introdu\u00e7\u00e3o<\/h2>\n\n\n\n<p>O Golden Retriever \u00e9 uma das ra\u00e7as mais populares e queridas do mundo, conhecido pelo temperamento d\u00f3cil, intelig\u00eancia e facilidade de aprendizado.<\/p>\n\n\n\n<p>Mas, para garantir um c\u00e3o equilibrado, saud\u00e1vel e feliz, \u00e9 essencial entender as necessidades da ra\u00e7a em cada fase da vida.<\/p>\n\n\n\n<p>Na K9 Pro Series, acompanhamos o desenvolvimento completo do Golden Retriever \u2014 desde filhote at\u00e9 adulto \u2014, oferecendo cuidados personalizados em Mogi das Cruzes, Alto Tiet\u00ea e Aruj\u00e1.<\/p>\n\n\n\n<figure class=\"wp-block-image size-full is-resized\"><img loading=\"lazy\" decoding=\"async\" width=\"1024\" height=\"1536\" src=\"https:\/\/www.k9proseries.com.br\/wp-content\/uploads\/2026\/04\/Filhote-de-Golden-Retriever.png\" alt=\"\" class=\"wp-image-6628\" style=\"width:465px;height:auto\" srcset=\"https:\/\/www.k9proseries.com.br\/wp-content\/uploads\/2026\/04\/Filhote-de-Golden-Retriever.png 1024w, https:\/\/www.k9proseries.com.br\/wp-content\/uploads\/2026\/04\/Filhote-de-Golden-Retriever-200x300.png 200w, https:\/\/www.k9proseries.com.br\/wp-content\/uploads\/2026\/04\/Filhote-de-Golden-Retriever-683x1024.png 683w, https:\/\/www.k9proseries.com.br\/wp-content\/uploads\/2026\/04\/Filhote-de-Golden-Retriever-768x1152.png 768w, https:\/\/www.k9proseries.com.br\/wp-content\/uploads\/2026\/04\/Filhote-de-Golden-Retriever-600x900.png 600w\" sizes=\"(max-width: 1024px) 100vw, 1024px\" \/><\/figure>\n\n\n\n<hr class=\"wp-block-separator has-alpha-channel-opacity\" \/>\n\n\n\n<h2 class=\"wp-block-heading\">Fase filhote: energia, aprendizado e socializa\u00e7\u00e3o<\/h2>\n\n\n\n<p>Nos primeiros meses de vida, o Golden Retriever \u00e9 extremamente ativo, curioso e receptivo ao aprendizado.<\/p>\n\n\n\n<p>Essa \u00e9 a fase mais importante para:<\/p>\n\n\n\n<ul>\n<li>Iniciar o adestramento canino<\/li>\n\n\n\n<li>Trabalhar socializa\u00e7\u00e3o com pessoas e outros c\u00e3es<\/li>\n\n\n\n<li>Criar rotina de alimenta\u00e7\u00e3o e descanso<\/li>\n\n\n\n<li>Estabelecer limites de comportamento<\/li>\n<\/ul>\n\n\n\n<p><strong>Cuidados essenciais:<\/strong><\/p>\n\n\n\n<ul>\n<li>Alimenta\u00e7\u00e3o adequada para crescimento<\/li>\n\n\n\n<li>Vacina\u00e7\u00e3o em dia<\/li>\n\n\n\n<li>Est\u00edmulos mentais e f\u00edsicos<\/li>\n\n\n\n<li>Introdu\u00e7\u00e3o de comandos b\u00e1sicos<\/li>\n<\/ul>\n\n\n\n<p>Essa fase define grande parte do comportamento do c\u00e3o na vida adulta.<\/p>\n\n\n\n<figure class=\"wp-block-image size-large is-resized\"><img loading=\"lazy\" decoding=\"async\" width=\"1024\" height=\"683\" src=\"https:\/\/www.k9proseries.com.br\/wp-content\/uploads\/2026\/04\/Socializacao-canina-1024x683.png\" alt=\"\" class=\"wp-image-6601\" style=\"width:513px;height:auto\" srcset=\"https:\/\/www.k9proseries.com.br\/wp-content\/uploads\/2026\/04\/Socializacao-canina-1024x683.png 1024w, https:\/\/www.k9proseries.com.br\/wp-content\/uploads\/2026\/04\/Socializacao-canina-300x200.png 300w, https:\/\/www.k9proseries.com.br\/wp-content\/uploads\/2026\/04\/Socializacao-canina-768x512.png 768w, https:\/\/www.k9proseries.com.br\/wp-content\/uploads\/2026\/04\/Socializacao-canina-600x400.png 600w, https:\/\/www.k9proseries.com.br\/wp-content\/uploads\/2026\/04\/Socializacao-canina.png 1536w\" sizes=\"(max-width: 1024px) 100vw, 1024px\" \/><\/figure>\n\n\n\n<hr class=\"wp-block-separator has-alpha-channel-opacity\" \/>\n\n\n\n<h2 class=\"wp-block-heading\">Fase jovem\/adulta: equil\u00edbrio e rotina<\/h2>\n\n\n\n<p>Na fase adulta, o Golden Retriever continua sendo ativo, mas j\u00e1 apresenta mais estabilidade emocional.<\/p>\n\n\n\n<p>\u00c9 nesse momento que a rotina estruturada faz toda a diferen\u00e7a.<\/p>\n\n\n\n<p><strong>Principais cuidados:<\/strong><\/p>\n\n\n\n<ul>\n<li>Manter atividades f\u00edsicas regulares<\/li>\n\n\n\n<li>Refor\u00e7ar comandos de adestramento<\/li>\n\n\n\n<li>Evitar o sedentarismo<\/li>\n\n\n\n<li>Garantir alimenta\u00e7\u00e3o balanceada<\/li>\n<\/ul>\n\n\n\n<p>O Golden \u00e9 uma ra\u00e7a que precisa de intera\u00e7\u00e3o constante \u2014 tanto com pessoas quanto com outros c\u00e3es \u2014 para manter o equil\u00edbrio comportamental.<\/p>\n\n\n\n<figure class=\"wp-block-image size-large is-resized\"><img loading=\"lazy\" decoding=\"async\" width=\"720\" height=\"960\" src=\"https:\/\/www.k9proseries.com.br\/wp-content\/uploads\/2026\/04\/Golden-em-treinamento-21-edited.jpeg\" alt=\"\" class=\"wp-image-6616\" style=\"width:466px;height:auto\" srcset=\"https:\/\/www.k9proseries.com.br\/wp-content\/uploads\/2026\/04\/Golden-em-treinamento-21-edited.jpeg 720w, https:\/\/www.k9proseries.com.br\/wp-content\/uploads\/2026\/04\/Golden-em-treinamento-21-edited-225x300.jpeg 225w, https:\/\/www.k9proseries.com.br\/wp-content\/uploads\/2026\/04\/Golden-em-treinamento-21-edited-600x800.jpeg 600w\" sizes=\"(max-width: 720px) 100vw, 720px\" \/><\/figure>\n\n\n\n<hr class=\"wp-block-separator has-alpha-channel-opacity\" \/>\n\n\n\n<h2 class=\"wp-block-heading\">Alimenta\u00e7\u00e3o e controle de peso<\/h2>\n\n\n\n<p>O Golden Retriever tem tend\u00eancia ao ganho de peso, principalmente na fase adulta.<\/p>\n\n\n\n<p>Por isso, o controle alimentar \u00e9 fundamental:<\/p>\n\n\n\n<ul>\n<li>Por\u00e7\u00f5es ajustadas ao porte e n\u00edvel de atividade<\/li>\n\n\n\n<li>Evitar excesso de petiscos<\/li>\n\n\n\n<li>Alimenta\u00e7\u00e3o em hor\u00e1rios fixos<\/li>\n\n\n\n<li>Monitoramento constante do peso<\/li>\n<\/ul>\n\n\n\n<p>Na K9 Pro Series, a alimenta\u00e7\u00e3o \u00e9 sempre individualizada, respeitando as necessidades espec\u00edficas de cada c\u00e3o.<\/p>\n\n\n\n<hr class=\"wp-block-separator has-alpha-channel-opacity\" \/>\n\n\n\n<h2 class=\"wp-block-heading\">Est\u00edmulo mental e adestramento<\/h2>\n\n\n\n<p>Por ser uma ra\u00e7a muito inteligente, o Golden precisa de est\u00edmulos constantes.<\/p>\n\n\n\n<p>Sem isso, pode desenvolver:<\/p>\n\n\n\n<ul>\n<li>Ansiedade<\/li>\n\n\n\n<li>Comportamentos destrutivos<\/li>\n\n\n\n<li>Hiperatividade<\/li>\n<\/ul>\n\n\n\n<p>O adestramento canino \u00e9 essencial para:<\/p>\n\n\n\n<ul>\n<li>Direcionar energia<\/li>\n\n\n\n<li>Melhorar obedi\u00eancia<\/li>\n\n\n\n<li>Fortalecer v\u00ednculo com humanos<\/li>\n\n\n\n<li>Manter o equil\u00edbrio emocional<\/li>\n<\/ul>\n\n\n\n<figure class=\"wp-block-image size-full is-resized\"><img loading=\"lazy\" decoding=\"async\" width=\"960\" height=\"960\" src=\"https:\/\/www.k9proseries.com.br\/wp-content\/uploads\/2026\/04\/Golden-em-treinamento-14-edited.jpeg\" alt=\"\" class=\"wp-image-6619\" style=\"width:467px;height:auto\" srcset=\"https:\/\/www.k9proseries.com.br\/wp-content\/uploads\/2026\/04\/Golden-em-treinamento-14-edited.jpeg 960w, https:\/\/www.k9proseries.com.br\/wp-content\/uploads\/2026\/04\/Golden-em-treinamento-14-edited-300x300.jpeg 300w, https:\/\/www.k9proseries.com.br\/wp-content\/uploads\/2026\/04\/Golden-em-treinamento-14-edited-150x150.jpeg 150w, https:\/\/www.k9proseries.com.br\/wp-content\/uploads\/2026\/04\/Golden-em-treinamento-14-edited-768x768.jpeg 768w, https:\/\/www.k9proseries.com.br\/wp-content\/uploads\/2026\/04\/Golden-em-treinamento-14-edited-230x230.jpeg 230w, https:\/\/www.k9proseries.com.br\/wp-content\/uploads\/2026\/04\/Golden-em-treinamento-14-edited-400x400.jpeg 400w, https:\/\/www.k9proseries.com.br\/wp-content\/uploads\/2026\/04\/Golden-em-treinamento-14-edited-600x600.jpeg 600w, https:\/\/www.k9proseries.com.br\/wp-content\/uploads\/2026\/04\/Golden-em-treinamento-14-edited-640x640.jpeg 640w\" sizes=\"(max-width: 960px) 100vw, 960px\" \/><\/figure>\n\n\n\n<hr class=\"wp-block-separator has-alpha-channel-opacity\" \/>\n\n\n\n<h2 class=\"wp-block-heading\">Higiene e cuidados com a pelagem<\/h2>\n\n\n\n<p>A pelagem do Golden Retriever exige aten\u00e7\u00e3o frequente.<\/p>\n\n\n\n<p><strong>Cuidados importantes:<\/strong><\/p>\n\n\n\n<ul>\n<li>Escova\u00e7\u00e3o regular para evitar n\u00f3s<\/li>\n\n\n\n<li>Controle de queda de pelos<\/li>\n\n\n\n<li>Banhos peri\u00f3dicos<\/li>\n\n\n\n<li>Aten\u00e7\u00e3o \u00e0 higiene das orelhas<\/li>\n<\/ul>\n\n\n\n<p>Al\u00e9m da est\u00e9tica, esses cuidados evitam problemas de pele e desconfortos.<\/p>\n\n\n\n<figure class=\"wp-block-image size-large is-resized\"><img loading=\"lazy\" decoding=\"async\" width=\"768\" height=\"1024\" src=\"https:\/\/www.k9proseries.com.br\/wp-content\/uploads\/2026\/04\/Golden-em-treinamento-13-768x1024.jpeg\" alt=\"\" class=\"wp-image-6613\" style=\"width:468px;height:auto\" srcset=\"https:\/\/www.k9proseries.com.br\/wp-content\/uploads\/2026\/04\/Golden-em-treinamento-13-768x1024.jpeg 768w, https:\/\/www.k9proseries.com.br\/wp-content\/uploads\/2026\/04\/Golden-em-treinamento-13-225x300.jpeg 225w, https:\/\/www.k9proseries.com.br\/wp-content\/uploads\/2026\/04\/Golden-em-treinamento-13-1152x1536.jpeg 1152w, https:\/\/www.k9proseries.com.br\/wp-content\/uploads\/2026\/04\/Golden-em-treinamento-13-600x800.jpeg 600w, https:\/\/www.k9proseries.com.br\/wp-content\/uploads\/2026\/04\/Golden-em-treinamento-13.jpeg 1200w\" sizes=\"(max-width: 768px) 100vw, 768px\" \/><\/figure>\n\n\n\n<hr class=\"wp-block-separator has-alpha-channel-opacity\" \/>\n\n\n\n<h2 class=\"wp-block-heading\">Conviv\u00eancia e bem-estar<\/h2>\n\n\n\n<p>O Golden Retriever \u00e9 extremamente soci\u00e1vel e n\u00e3o lida bem com isolamento.<\/p>\n\n\n\n<p>Para garantir qualidade de vida:<\/p>\n\n\n\n<ul>\n<li>Evite longos per\u00edodos sozinho<\/li>\n\n\n\n<li>Proporcione intera\u00e7\u00e3o di\u00e1ria<\/li>\n\n\n\n<li>Ofere\u00e7a atividades e est\u00edmulos<\/li>\n\n\n\n<li>Mantenha uma rotina previs\u00edvel<\/li>\n<\/ul>\n\n\n\n<p>Na K9 Pro Series, os c\u00e3es vivem uma rotina com intera\u00e7\u00e3o, supervis\u00e3o e atividades que respeitam o perfil da ra\u00e7a.<\/p>\n\n\n\n<figure class=\"wp-block-image size-full is-resized\"><img loading=\"lazy\" decoding=\"async\" width=\"1536\" height=\"1024\" src=\"https:\/\/www.k9proseries.com.br\/wp-content\/uploads\/2026\/04\/socializacao-canina-1.png\" alt=\"\" class=\"wp-image-6623\" style=\"width:551px;height:auto\" srcset=\"https:\/\/www.k9proseries.com.br\/wp-content\/uploads\/2026\/04\/socializacao-canina-1.png 1536w, https:\/\/www.k9proseries.com.br\/wp-content\/uploads\/2026\/04\/socializacao-canina-1-300x200.png 300w, https:\/\/www.k9proseries.com.br\/wp-content\/uploads\/2026\/04\/socializacao-canina-1-1024x683.png 1024w, https:\/\/www.k9proseries.com.br\/wp-content\/uploads\/2026\/04\/socializacao-canina-1-768x512.png 768w, https:\/\/www.k9proseries.com.br\/wp-content\/uploads\/2026\/04\/socializacao-canina-1-600x400.png 600w\" sizes=\"(max-width: 1536px) 100vw, 1536px\" \/><\/figure>\n\n\n\n<hr class=\"wp-block-separator has-alpha-channel-opacity\" \/>\n\n\n\n<h2 class=\"wp-block-heading\">Conclus\u00e3o<\/h2>\n\n\n\n<p>O Golden Retriever \u00e9 uma ra\u00e7a incr\u00edvel, mas que exige dedica\u00e7\u00e3o, rotina e cuidados constantes desde filhote at\u00e9 a fase adulta.<\/p>\n\n\n\n<p>Com alimenta\u00e7\u00e3o adequada, adestramento, atividades e aten\u00e7\u00e3o \u00e0 sa\u00fade, \u00e9 poss\u00edvel garantir um c\u00e3o equilibrado, feliz e saud\u00e1vel.<\/p>\n\n\n\n<p>Na K9 Pro Series, oferecemos um ambiente preparado para atender todas as necessidades da ra\u00e7a, com foco em bem-estar, comportamento e qualidade de vida.<\/p>\n\n\n\n<p>Se voc\u00ea est\u00e1 em Mogi das Cruzes, Aruj\u00e1 ou regi\u00e3o do Alto Tiet\u00ea, pode contar com um cuidado completo para o seu Golden.<\/p>\n\n\n\n<figure class=\"wp-block-image size-large is-resized\"><img loading=\"lazy\" decoding=\"async\" width=\"850\" height=\"1024\" src=\"https:\/\/www.k9proseries.com.br\/wp-content\/uploads\/2026\/04\/Adestramento-golden-850x1024.jpg\" alt=\"\" class=\"wp-image-6620\" style=\"width:465px;height:auto\" srcset=\"https:\/\/www.k9proseries.com.br\/wp-content\/uploads\/2026\/04\/Adestramento-golden-850x1024.jpg 850w, https:\/\/www.k9proseries.com.br\/wp-content\/uploads\/2026\/04\/Adestramento-golden-249x300.jpg 249w, https:\/\/www.k9proseries.com.br\/wp-content\/uploads\/2026\/04\/Adestramento-golden-768x925.jpg 768w, https:\/\/www.k9proseries.com.br\/wp-content\/uploads\/2026\/04\/Adestramento-golden-1275x1536.jpg 1275w, https:\/\/www.k9proseries.com.br\/wp-content\/uploads\/2026\/04\/Adestramento-golden-1700x2048.jpg 1700w, https:\/\/www.k9proseries.com.br\/wp-content\/uploads\/2026\/04\/Adestramento-golden-600x723.jpg 600w, https:\/\/www.k9proseries.com.br\/wp-content\/uploads\/2026\/04\/Adestramento-golden.jpg 1780w\" sizes=\"(max-width: 850px) 100vw, 850px\" \/><\/figure>\n","protected":false},"excerpt":{"rendered":"<p>Do filhote \u00e0 fase adulta, essa ra\u00e7a incr\u00edvel precisa de aten\u00e7\u00e3o com alimenta\u00e7\u00e3o, socializa\u00e7\u00e3o, adestramento e rotina.<\/p>\n<p>No nosso novo artigo, mostramos como garantir um Golden saud\u00e1vel, equilibrado e feliz em todas as etapas da vida.<\/p>\n","protected":false},"author":28,"featured_media":6632,"comment_status":"open","ping_status":"open","sticky":false,"template":"","format":"standard","meta":{"footnotes":""},"categories":[86,84],"tags":[163,168,171,170,68,164],"_links":{"self":[{"href":"https:\/\/www.k9proseries.com.br\/index.php\/wp-json\/wp\/v2\/posts\/6609"}],"collection":[{"href":"https:\/\/www.k9proseries.com.br\/index.php\/wp-json\/wp\/v2\/posts"}],"about":[{"href":"https:\/\/www.k9proseries.com.br\/index.php\/wp-json\/wp\/v2\/types\/post"}],"author":[{"embeddable":true,"href":"https:\/\/www.k9proseries.com.br\/index.php\/wp-json\/wp\/v2\/users\/28"}],"replies":[{"embeddable":true,"href":"https:\/\/www.k9proseries.com.br\/index.php\/wp-json\/wp\/v2\/comments?post=6609"}],"version-history":[{"count":2,"href":"https:\/\/www.k9proseries.com.br\/index.php\/wp-json\/wp\/v2\/posts\/6609\/revisions"}],"predecessor-version":[{"id":6635,"href":"https:\/\/www.k9proseries.com.br\/index.php\/wp-json\/wp\/v2\/posts\/6609\/revisions\/6635"}],"wp:featuredmedia":[{"embeddable":true,"href":"https:\/\/www.k9proseries.com.br\/index.php\/wp-json\/wp\/v2\/media\/6632"}],"wp:attachment":[{"href":"https:\/\/www.k9proseries.com.br\/index.php\/wp-json\/wp\/v2\/media?parent=6609"}],"wp:term":[{"taxonomy":"category","embeddable":true,"href":"https:\/\/www.k9proseries.com.br\/index.php\/wp-json\/wp\/v2\/categories?post=6609"},{"taxonomy":"post_tag","embeddable":true,"href":"https:\/\/www.k9proseries.com.br\/index.php\/wp-json\/wp\/v2\/tags?post=6609"}],"curies":[{"name":"wp","href":"https:\/\/api.w.org\/{rel}","templated":true}]}}