{"id":6642,"date":"2026-04-10T18:19:16","date_gmt":"2026-04-10T21:19:16","guid":{"rendered":"https:\/\/www.k9proseries.com.br\/?p=6642"},"modified":"2026-04-14T16:05:03","modified_gmt":"2026-04-14T19:05:03","slug":"sol-nao-e-vitamina-d-o-que-realmente-faz-bem-para-o-seu-cao","status":"publish","type":"post","link":"https:\/\/www.k9proseries.com.br\/index.php\/2026\/04\/10\/sol-nao-e-vitamina-d-o-que-realmente-faz-bem-para-o-seu-cao\/","title":{"rendered":"Sol n\u00e3o \u00e9 vitamina D: o que realmente faz bem para o seu c\u00e3o?"},"content":{"rendered":"\n<p>Muitos tutores acreditam que deixar o c\u00e3o tomar sol \u00e9 essencial para a produ\u00e7\u00e3o de vitamina D \u2014 assim como acontece com humanos. Mas a ci\u00eancia mostra outra realidade.<\/p>\n\n\n\n<p>Um estudo publicado na revista <em>Veterinary Clinical Pathology<\/em>, conduzido por pesquisadores da Universidade de Edimburgo, acompanhou c\u00e3es ao longo de um ano expostos a diferentes n\u00edveis de luz solar. O resultado foi claro:<br><strong>os n\u00edveis de vitamina D permaneceram est\u00e1veis, independentemente da exposi\u00e7\u00e3o ao sol<\/strong> (<a href=\"https:\/\/pubmed.ncbi.nlm.nih.gov\/32432371\/?utm_source=chatgpt.com\">PubMed<\/a>)<\/p>\n\n\n\n<p>Isso acontece porque, ao contr\u00e1rio dos humanos, <strong>c\u00e3es n\u00e3o produzem vitamina D pela pele<\/strong>. Eles dependem quase totalmente da alimenta\u00e7\u00e3o para isso (<a href=\"https:\/\/pubmed.ncbi.nlm.nih.gov\/32432371\/?utm_source=chatgpt.com\">PubMed<\/a>)<\/p>\n\n\n\n<figure class=\"wp-block-image size-full\"><img loading=\"lazy\" decoding=\"async\" width=\"640\" height=\"800\" src=\"https:\/\/www.k9proseries.com.br\/wp-content\/uploads\/2026\/04\/image-1.jpeg\" alt=\"\" class=\"wp-image-6644\" srcset=\"https:\/\/www.k9proseries.com.br\/wp-content\/uploads\/2026\/04\/image-1.jpeg 640w, https:\/\/www.k9proseries.com.br\/wp-content\/uploads\/2026\/04\/image-1-240x300.jpeg 240w, https:\/\/www.k9proseries.com.br\/wp-content\/uploads\/2026\/04\/image-1-600x750.jpeg 600w\" sizes=\"(max-width: 640px) 100vw, 640px\" \/><\/figure>\n\n\n\n<h2 class=\"wp-block-heading\"><strong>Ent\u00e3o por que os c\u00e3es gostam tanto de sol?<\/strong><\/h2>\n\n\n\n<p>Se n\u00e3o \u00e9 pela vitamina D, por que eles buscam tanto o calor?<\/p>\n\n\n\n<p>A resposta est\u00e1 no comportamento e no bem-estar.<\/p>\n\n\n\n<p>O sol oferece:<\/p>\n\n\n\n<ul>\n<li>conforto t\u00e9rmico<\/li>\n\n\n\n<li>relaxamento muscular<\/li>\n\n\n\n<li>sensa\u00e7\u00e3o de seguran\u00e7a<\/li>\n\n\n\n<li>regula\u00e7\u00e3o do ciclo biol\u00f3gico<\/li>\n<\/ul>\n\n\n\n<p>Ou seja, o sol <strong>faz bem \u2014 mas por motivos comportamentais, n\u00e3o nutricionais<\/strong>.<\/p>\n\n\n\n<h2 class=\"wp-block-heading\"><strong>O verdadeiro fator de sa\u00fade: enriquecimento ambiental<\/strong><\/h2>\n\n\n\n<figure class=\"wp-block-image size-full\"><img loading=\"lazy\" decoding=\"async\" width=\"640\" height=\"800\" src=\"https:\/\/www.k9proseries.com.br\/wp-content\/uploads\/2026\/04\/image.jpeg\" alt=\"\" class=\"wp-image-6643\" srcset=\"https:\/\/www.k9proseries.com.br\/wp-content\/uploads\/2026\/04\/image.jpeg 640w, https:\/\/www.k9proseries.com.br\/wp-content\/uploads\/2026\/04\/image-240x300.jpeg 240w, https:\/\/www.k9proseries.com.br\/wp-content\/uploads\/2026\/04\/image-600x750.jpeg 600w\" sizes=\"(max-width: 640px) 100vw, 640px\" \/><\/figure>\n\n\n\n<p>\u00c9 aqui que entra um ponto muito mais importante \u2014 e muitas vezes ignorado.<\/p>\n\n\n\n<p>Mais do que simplesmente \u201cdeitar no sol\u201d, o que realmente impacta o equil\u00edbrio do c\u00e3o \u00e9 o ambiente em que ele vive.<\/p>\n\n\n\n<p>O enriquecimento ambiental proporciona:<\/p>\n\n\n\n<ul>\n<li>est\u00edmulo mental<\/li>\n\n\n\n<li>redu\u00e7\u00e3o de ansiedade<\/li>\n\n\n\n<li>preven\u00e7\u00e3o de comportamentos destrutivos<\/li>\n\n\n\n<li>aumento da qualidade de vida<\/li>\n<\/ul>\n\n\n\n<p>Enquanto o sol \u00e9 um est\u00edmulo passivo, o enriquecimento \u00e9 <strong>ativo e transformador<\/strong>.<\/p>\n\n\n\n<p>A ci\u00eancia \u00e9 clara:<br>\ud83d\udc49 o sol n\u00e3o \u00e9 fonte de vitamina D para c\u00e3es<\/p>\n\n\n\n<p>Mas isso n\u00e3o significa que ele n\u00e3o seja importante.<\/p>\n\n\n\n<p>O ponto principal \u00e9 entender que:<\/p>\n\n\n\n<p><strong>bem-estar real vai muito al\u00e9m do b\u00e1sico \u2014 ele vem de est\u00edmulo, estrutura e prop\u00f3sito.<\/strong><\/p>\n","protected":false},"excerpt":{"rendered":"<p>Muitos tutores acreditam que deixar o c\u00e3o tomar sol \u00e9 essencial para a produ\u00e7\u00e3o de vitamina D \u2014 assim como acontece com humanos. Mas a ci\u00eancia mostra outra realidade. Um estudo publicado na revista Veterinary Clinical Pathology, conduzido por pesquisadores da Universidade de Edimburgo, acompanhou c\u00e3es ao longo de um ano expostos a diferentes n\u00edveis [&hellip;]<\/p>\n","protected":false},"author":25,"featured_media":6661,"comment_status":"open","ping_status":"open","sticky":false,"template":"","format":"standard","meta":{"footnotes":""},"categories":[1],"tags":[89,51,107,76,129,55,113,68,111,77],"_links":{"self":[{"href":"https:\/\/www.k9proseries.com.br\/index.php\/wp-json\/wp\/v2\/posts\/6642"}],"collection":[{"href":"https:\/\/www.k9proseries.com.br\/index.php\/wp-json\/wp\/v2\/posts"}],"about":[{"href":"https:\/\/www.k9proseries.com.br\/index.php\/wp-json\/wp\/v2\/types\/post"}],"author":[{"embeddable":true,"href":"https:\/\/www.k9proseries.com.br\/index.php\/wp-json\/wp\/v2\/users\/25"}],"replies":[{"embeddable":true,"href":"https:\/\/www.k9proseries.com.br\/index.php\/wp-json\/wp\/v2\/comments?post=6642"}],"version-history":[{"count":1,"href":"https:\/\/www.k9proseries.com.br\/index.php\/wp-json\/wp\/v2\/posts\/6642\/revisions"}],"predecessor-version":[{"id":6645,"href":"https:\/\/www.k9proseries.com.br\/index.php\/wp-json\/wp\/v2\/posts\/6642\/revisions\/6645"}],"wp:featuredmedia":[{"embeddable":true,"href":"https:\/\/www.k9proseries.com.br\/index.php\/wp-json\/wp\/v2\/media\/6661"}],"wp:attachment":[{"href":"https:\/\/www.k9proseries.com.br\/index.php\/wp-json\/wp\/v2\/media?parent=6642"}],"wp:term":[{"taxonomy":"category","embeddable":true,"href":"https:\/\/www.k9proseries.com.br\/index.php\/wp-json\/wp\/v2\/categories?post=6642"},{"taxonomy":"post_tag","embeddable":true,"href":"https:\/\/www.k9proseries.com.br\/index.php\/wp-json\/wp\/v2\/tags?post=6642"}],"curies":[{"name":"wp","href":"https:\/\/api.w.org\/{rel}","templated":true}]}}