{"id":6662,"date":"2026-04-15T18:46:54","date_gmt":"2026-04-15T21:46:54","guid":{"rendered":"https:\/\/www.k9proseries.com.br\/?p=6662"},"modified":"2026-04-17T17:56:26","modified_gmt":"2026-04-17T20:56:26","slug":"filhote-de-pastor-belga-e-nova-integrante-da-guarda-municipal-de-bh","status":"publish","type":"post","link":"https:\/\/www.k9proseries.com.br\/index.php\/2026\/04\/15\/filhote-de-pastor-belga-e-nova-integrante-da-guarda-municipal-de-bh\/","title":{"rendered":"Filhote de pastor-belga \u00e9 nova integrante da Guarda Municipal de BH"},"content":{"rendered":"\n<p>Uma filhote da ra\u00e7a Pastor Belga Malinois passou a integrar o Grupamento de Opera\u00e7\u00f5es com C\u00e3es da Guarda Civil Municipal de Belo Horizonte. A novidade chamou aten\u00e7\u00e3o tamb\u00e9m por envolver a participa\u00e7\u00e3o do p\u00fablico na escolha do nome da cadela.<\/p>\n\n\n\n<figure class=\"wp-block-image size-full\"><img loading=\"lazy\" decoding=\"async\" width=\"984\" height=\"984\" src=\"https:\/\/www.k9proseries.com.br\/wp-content\/uploads\/2026\/04\/cadelinha.png\" alt=\"\" class=\"wp-image-6664\" style=\"object-fit:cover\" srcset=\"https:\/\/www.k9proseries.com.br\/wp-content\/uploads\/2026\/04\/cadelinha.png 984w, https:\/\/www.k9proseries.com.br\/wp-content\/uploads\/2026\/04\/cadelinha-300x300.png 300w, https:\/\/www.k9proseries.com.br\/wp-content\/uploads\/2026\/04\/cadelinha-150x150.png 150w, https:\/\/www.k9proseries.com.br\/wp-content\/uploads\/2026\/04\/cadelinha-768x768.png 768w, https:\/\/www.k9proseries.com.br\/wp-content\/uploads\/2026\/04\/cadelinha-230x230.png 230w, https:\/\/www.k9proseries.com.br\/wp-content\/uploads\/2026\/04\/cadelinha-400x400.png 400w, https:\/\/www.k9proseries.com.br\/wp-content\/uploads\/2026\/04\/cadelinha-600x600.png 600w, https:\/\/www.k9proseries.com.br\/wp-content\/uploads\/2026\/04\/cadelinha-640x640.png 640w\" sizes=\"(max-width: 984px) 100vw, 984px\" \/><\/figure>\n\n\n\n<p>A iniciativa foi aberta nas redes sociais da corpora\u00e7\u00e3o, permitindo que a popula\u00e7\u00e3o votasse entre algumas op\u00e7\u00f5es sugeridas. A a\u00e7\u00e3o teve como objetivo aproximar a Guarda Municipal da comunidade e aumentar o engajamento com o trabalho realizado pelo grupamento canino.<\/p>\n\n\n\n<hr class=\"wp-block-separator has-alpha-channel-opacity\" \/>\n\n\n\n<h2 class=\"wp-block-heading\"><strong>\ud83d\udc15 In\u00edcio do treinamento<\/strong><\/h2>\n\n\n\n<p>Com apenas alguns meses de vida, a filhote j\u00e1 come\u00e7ou o processo de adapta\u00e7\u00e3o e treinamento. Nessa fase inicial, o foco est\u00e1 em:<\/p>\n\n\n\n<ul>\n<li>socializa\u00e7\u00e3o<\/li>\n\n\n\n<li>adapta\u00e7\u00e3o ao ambiente<\/li>\n\n\n\n<li>est\u00edmulos b\u00e1sicos<\/li>\n\n\n\n<li>desenvolvimento do comportamento<\/li>\n<\/ul>\n\n\n\n<p>Essa etapa \u00e9 fundamental para preparar o animal para fun\u00e7\u00f5es mais complexas no futuro.<\/p>\n\n\n\n<hr class=\"wp-block-separator has-alpha-channel-opacity\" \/>\n\n\n\n<h2 class=\"wp-block-heading\"><strong>\ud83c\udfaf Fun\u00e7\u00e3o no grupamento<\/strong><\/h2>\n\n\n\n<p>Ap\u00f3s o per\u00edodo de forma\u00e7\u00e3o, a cadela poder\u00e1 atuar em diferentes opera\u00e7\u00f5es, como:<\/p>\n\n\n\n<ul>\n<li>faro de drogas<\/li>\n\n\n\n<li>detec\u00e7\u00e3o de armas<\/li>\n\n\n\n<li>buscas<\/li>\n\n\n\n<li>apoio em a\u00e7\u00f5es de seguran\u00e7a<\/li>\n<\/ul>\n\n\n\n<p>O treinamento completo pode levar meses at\u00e9 que o c\u00e3o esteja apto para atuar em campo.<\/p>\n\n\n\n<hr class=\"wp-block-separator has-alpha-channel-opacity\" \/>\n\n\n\n<h2 class=\"wp-block-heading\"><strong>\ud83d\udc6e\u200d\u2642\ufe0f Import\u00e2ncia dos c\u00e3es na seguran\u00e7a p\u00fablica<\/strong><\/h2>\n\n\n\n<p>O uso de c\u00e3es em opera\u00e7\u00f5es \u00e9 considerado estrat\u00e9gico por conta de habilidades naturais como:<\/p>\n\n\n\n<ul>\n<li>olfato altamente desenvolvido<\/li>\n\n\n\n<li>agilidade<\/li>\n\n\n\n<li>capacidade de obedi\u00eancia e foco<\/li>\n<\/ul>\n\n\n\n<p>Esses fatores tornam os c\u00e3es pe\u00e7as importantes no apoio \u00e0s for\u00e7as de seguran\u00e7a.<\/p>\n\n\n\n<p>A chegada da nova filhote refor\u00e7a o investimento da Guarda Municipal de Belo Horizonte no trabalho com c\u00e3es, al\u00e9m de destacar a import\u00e2ncia do treinamento desde cedo para o desenvolvimento de animais preparados para fun\u00e7\u00f5es espec\u00edficas.<\/p>\n","protected":false},"excerpt":{"rendered":"<p>Uma filhote da ra\u00e7a Pastor Belga Malinois passou a integrar o Grupamento de Opera\u00e7\u00f5es com C\u00e3es da Guarda Civil Municipal de Belo Horizonte. A novidade chamou aten\u00e7\u00e3o tamb\u00e9m por envolver a participa\u00e7\u00e3o do p\u00fablico na escolha do nome da cadela. A iniciativa foi aberta nas redes sociais da corpora\u00e7\u00e3o, permitindo que a popula\u00e7\u00e3o votasse entre [&hellip;]<\/p>\n","protected":false},"author":25,"featured_media":6663,"comment_status":"open","ping_status":"open","sticky":false,"template":"","format":"standard","meta":{"footnotes":""},"categories":[1],"tags":[89,51,107,76,129,55,113,68,111,77],"_links":{"self":[{"href":"https:\/\/www.k9proseries.com.br\/index.php\/wp-json\/wp\/v2\/posts\/6662"}],"collection":[{"href":"https:\/\/www.k9proseries.com.br\/index.php\/wp-json\/wp\/v2\/posts"}],"about":[{"href":"https:\/\/www.k9proseries.com.br\/index.php\/wp-json\/wp\/v2\/types\/post"}],"author":[{"embeddable":true,"href":"https:\/\/www.k9proseries.com.br\/index.php\/wp-json\/wp\/v2\/users\/25"}],"replies":[{"embeddable":true,"href":"https:\/\/www.k9proseries.com.br\/index.php\/wp-json\/wp\/v2\/comments?post=6662"}],"version-history":[{"count":3,"href":"https:\/\/www.k9proseries.com.br\/index.php\/wp-json\/wp\/v2\/posts\/6662\/revisions"}],"predecessor-version":[{"id":6684,"href":"https:\/\/www.k9proseries.com.br\/index.php\/wp-json\/wp\/v2\/posts\/6662\/revisions\/6684"}],"wp:featuredmedia":[{"embeddable":true,"href":"https:\/\/www.k9proseries.com.br\/index.php\/wp-json\/wp\/v2\/media\/6663"}],"wp:attachment":[{"href":"https:\/\/www.k9proseries.com.br\/index.php\/wp-json\/wp\/v2\/media?parent=6662"}],"wp:term":[{"taxonomy":"category","embeddable":true,"href":"https:\/\/www.k9proseries.com.br\/index.php\/wp-json\/wp\/v2\/categories?post=6662"},{"taxonomy":"post_tag","embeddable":true,"href":"https:\/\/www.k9proseries.com.br\/index.php\/wp-json\/wp\/v2\/tags?post=6662"}],"curies":[{"name":"wp","href":"https:\/\/api.w.org\/{rel}","templated":true}]}}